{"id":23944,"date":"2018-06-07T07:30:15","date_gmt":"2018-06-07T05:30:15","guid":{"rendered":"https:\/\/www.krafthand.de\/truck\/?p=23944"},"modified":"2018-06-12T10:31:18","modified_gmt":"2018-06-12T08:31:18","slug":"filter-einzeln-oder-im-paket","status":"publish","type":"post","link":"https:\/\/www.krafthand.de\/truck\/artikel\/filter-einzeln-oder-im-paket-23944\/","title":{"rendered":"Filter \u2013 einzeln oder im Paket"},"content":{"rendered":"<p class=\"text-colored\"> Filter sch\u00fctzen den Motor vor Verschlei\u00df. Nutzfahrzeugbetreiber, die auf\u00a0 Qualit\u00e4t achten und hochwertige Filter verbauen, k\u00f6nnen den Filter-Fachleuten von\u00a0 Febi Bilstein zufolge die Lebensdauer des Motors verl\u00e4ngern und die Gefahr\u00a0 unn\u00f6tiger Reparaturen aufgrund von fr\u00fchzeitigem Verschlei\u00df reduzieren. Die\u00a0 Ennepetaler Nutzfahrzeugteile-Spezialisten raten deshalb zu gepr\u00fcfter\u00a0 Erstausr\u00fcsterqualit\u00e4t, weil damit unter anderem gew\u00e4hrleistet ist, dass die Filter\u00a0 passgenau sind und nach den Anforderungen des jeweiligen Fahrzeugherstellers\u00a0 gefertigt wurden. <\/p>\n<p>Um Werkstattfachleuten das Filter-Handling zu erleichtern, bietet Febi f\u00fcr den\u00a0 fachgerechten Fahrzeugservice neben einzelnen Filterkomponenten auch komplette,\u00a0 modellspezifische Wartungspakete an. Unternehmensangaben zufolge enthalten\u00a0 diese \u2013 mit Ausnahme der Betriebsfl\u00fcssigkeiten \u2013 alle f\u00fcr die betreffende Wartungsaufgabe notwendigen Komponenten. Dazu z\u00e4hlen demnach\u00a0 neben \u00d6l-,\u00a0\u00a0\u00a0 Luft- und Kraftstofffilter auch\u00a0 der Innenraumfilter sowie gegebenenfalls der\u00a0\u00a0\u00a0 Harnstofffilter und s\u00e4mtliche notwendigen Dichtungen und Dichtringe. Das gesamte\u00a0 Nutzfahrzeug-Filtersortiment, zu dem nach eigenem Bekunden auch zahlreiche patentierte Filtertypen und Produkte f\u00fcr Euro-VI-Motoren geh\u00f6ren, finden\u00a0 Interessierte unter <a href=\"http:\/\/www.febi.com\/nkw\/produktgruppen\/\">www.febi.com\/nkw\/produktgruppen\/<\/a>.<\/p>\n<p>&nbsp;<\/p>\n<p><i>Den Beitrag finden Sie auch in der Print-Ausgabe 1\/18 der <a href=\"https:\/\/www.krafthand.de\/truck\/magazin\/\" title=\"Zum Magazin\">Krafthand-Truck<\/a>.<\/i><\/p>","protected":false},"excerpt":{"rendered":"<p>Um Werkstattfachleuten das Filter-Handling zu erleichtern, bietet Febi f\u00fcr den\u00a0 fachgerechten Fahrzeugservice neben einzelnen Filterkomponenten auch komplette,\u00a0 modellspezifische Wartungspakete an. Unternehmensangaben zufolge enthalten\u00a0 diese \u2013 mit Ausnahme der Betriebsfl\u00fcssigkeiten \u2013 alle f\u00fcr die betreffende Wartungsaufgabe notwendigen Komponenten. Dazu z\u00e4hlen demnach\u00a0 neben \u00d6l-,\u00a0\u00a0\u00a0 Luft- und Kraftstofffilter auch\u00a0 der Innenraumfilter sowie gegebenenfalls der\u00a0\u00a0\u00a0 Harnstofffilter und s\u00e4mtliche notwendigen <span class=\"excerpt-more__dots\">&#8230;<\/span> <a class=\"excerpt-more__link\" href=\"https:\/\/www.krafthand.de\/truck\/artikel\/filter-einzeln-oder-im-paket-23944\/\" >weiter<\/a><\/p>\n","protected":false},"author":6,"featured_media":23945,"comment_status":"closed","ping_status":"closed","sticky":false,"template":"","format":"standard","meta":{"footnotes":""},"categories":[5],"tags":[3628,1837,357,2770,3627,1747,251],"settings":[],"class_list":["post-23944","post","type-post","status-publish","format-standard","has-post-thumbnail","hentry","category-branche","tag-dichtung","tag-febi-bilstein","tag-filter","tag-harnstoff","tag-innenraum","tag-kraftstoff","tag-motor"],"yoast_head":"<!-- This site is optimized with the Yoast SEO plugin v27.3 - https:\/\/yoast.com\/product\/yoast-seo-wordpress\/ -->\n<title>Filter \u2013 einzeln oder im Paket - Krafthand-Truck<\/title>\n<meta name=\"robots\" content=\"index, follow, max-snippet:-1, max-image-preview:large, max-video-preview:-1\" \/>\n<link rel=\"canonical\" href=\"https:\/\/www.krafthand.de\/truck\/artikel\/filter-einzeln-oder-im-paket-23944\/\" \/>\n<meta property=\"og:locale\" content=\"de_DE\" \/>\n<meta property=\"og:type\" content=\"article\" \/>\n<meta property=\"og:title\" content=\"Filter \u2013 einzeln oder im Paket - Krafthand-Truck\" \/>\n<meta property=\"og:description\" content=\"Um Werkstattfachleuten das Filter-Handling zu erleichtern, bietet Febi f\u00fcr den\u00a0 fachgerechten Fahrzeugservice neben einzelnen Filterkomponenten auch komplette,\u00a0 modellspezifische Wartungspakete an. Unternehmensangaben zufolge enthalten\u00a0 diese \u2013 mit Ausnahme der Betriebsfl\u00fcssigkeiten \u2013 alle f\u00fcr die betreffende Wartungsaufgabe notwendigen Komponenten. Dazu z\u00e4hlen demnach\u00a0 neben \u00d6l-,\u00a0\u00a0\u00a0 Luft- und Kraftstofffilter auch\u00a0 der Innenraumfilter sowie gegebenenfalls der\u00a0\u00a0\u00a0 Harnstofffilter und s\u00e4mtliche notwendigen ... weiter\" \/>\n<meta property=\"og:url\" content=\"https:\/\/www.krafthand-truck.de\/artikel\/filter-einzeln-oder-im-paket-23944\/\" \/>\n<meta property=\"og:site_name\" content=\"Krafthand-Truck\" \/>\n<meta property=\"article:published_time\" content=\"2018-06-07T05:30:15+00:00\" \/>\n<meta property=\"article:modified_time\" content=\"2018-06-12T08:31:18+00:00\" \/>\n<meta property=\"og:image\" content=\"https:\/\/www.krafthand.de\/truck\/wp-content\/uploads\/2018\/06\/kht0118_043.jpg\" \/>\n\t<meta property=\"og:image:width\" content=\"1200\" \/>\n\t<meta property=\"og:image:height\" content=\"960\" \/>\n\t<meta property=\"og:image:type\" content=\"image\/jpeg\" \/>\n<meta name=\"author\" content=\"elisabeth.mair@krafthand.de\" \/>\n<meta name=\"twitter:card\" content=\"summary_large_image\" \/>\n<meta name=\"twitter:label1\" content=\"Verfasst von\" \/>\n\t<meta name=\"twitter:data1\" content=\"elisabeth.mair@krafthand.de\" \/>\n\t<meta name=\"twitter:label2\" content=\"Gesch\u00e4tzte Lesezeit\" \/>\n\t<meta name=\"twitter:data2\" content=\"1\u00a0Minute\" \/>\n<script type=\"application\/ld+json\" class=\"yoast-schema-graph\">{\"@context\":\"https:\\\/\\\/schema.org\",\"@graph\":[{\"@type\":\"Article\",\"@id\":\"https:\\\/\\\/www.krafthand.de\\\/truck\\\/artikel\\\/filter-einzeln-oder-im-paket-23944\\\/#article\",\"isPartOf\":{\"@id\":\"https:\\\/\\\/www.krafthand.de\\\/truck\\\/artikel\\\/filter-einzeln-oder-im-paket-23944\\\/\"},\"author\":{\"name\":\"elisabeth.mair@krafthand.de\",\"@id\":\"https:\\\/\\\/www.krafthand.de\\\/truck\\\/#\\\/schema\\\/person\\\/25290391c443ebfc18583f19f72a0c26\"},\"headline\":\"Filter \u2013 einzeln oder im Paket\",\"datePublished\":\"2018-06-07T05:30:15+00:00\",\"dateModified\":\"2018-06-12T08:31:18+00:00\",\"mainEntityOfPage\":{\"@id\":\"https:\\\/\\\/www.krafthand.de\\\/truck\\\/artikel\\\/filter-einzeln-oder-im-paket-23944\\\/\"},\"wordCount\":171,\"image\":{\"@id\":\"https:\\\/\\\/www.krafthand.de\\\/truck\\\/artikel\\\/filter-einzeln-oder-im-paket-23944\\\/#primaryimage\"},\"thumbnailUrl\":\"https:\\\/\\\/static.krafthand-truck.de\\\/uploads\\\/2018\\\/06\\\/kht0118_043.jpg\",\"keywords\":[\"Dichtung\",\"Febi Bilstein\",\"Filter\",\"Harnstoff\",\"Innenraum\",\"Kraftstoff\",\"Motor\"],\"articleSection\":[\"Nfz-Branche\"],\"inLanguage\":\"de\"},{\"@type\":\"WebPage\",\"@id\":\"https:\\\/\\\/www.krafthand.de\\\/truck\\\/artikel\\\/filter-einzeln-oder-im-paket-23944\\\/\",\"url\":\"https:\\\/\\\/www.krafthand.de\\\/truck\\\/artikel\\\/filter-einzeln-oder-im-paket-23944\\\/\",\"name\":\"Filter \u2013 einzeln oder im Paket - Krafthand-Truck\",\"isPartOf\":{\"@id\":\"https:\\\/\\\/www.krafthand.de\\\/truck\\\/#website\"},\"primaryImageOfPage\":{\"@id\":\"https:\\\/\\\/www.krafthand.de\\\/truck\\\/artikel\\\/filter-einzeln-oder-im-paket-23944\\\/#primaryimage\"},\"image\":{\"@id\":\"https:\\\/\\\/www.krafthand.de\\\/truck\\\/artikel\\\/filter-einzeln-oder-im-paket-23944\\\/#primaryimage\"},\"thumbnailUrl\":\"https:\\\/\\\/static.krafthand-truck.de\\\/uploads\\\/2018\\\/06\\\/kht0118_043.jpg\",\"datePublished\":\"2018-06-07T05:30:15+00:00\",\"dateModified\":\"2018-06-12T08:31:18+00:00\",\"author\":{\"@id\":\"https:\\\/\\\/www.krafthand.de\\\/truck\\\/#\\\/schema\\\/person\\\/25290391c443ebfc18583f19f72a0c26\"},\"breadcrumb\":{\"@id\":\"https:\\\/\\\/www.krafthand.de\\\/truck\\\/artikel\\\/filter-einzeln-oder-im-paket-23944\\\/#breadcrumb\"},\"inLanguage\":\"de\",\"potentialAction\":[{\"@type\":\"ReadAction\",\"target\":[\"https:\\\/\\\/www.krafthand.de\\\/truck\\\/artikel\\\/filter-einzeln-oder-im-paket-23944\\\/\"]}]},{\"@type\":\"ImageObject\",\"inLanguage\":\"de\",\"@id\":\"https:\\\/\\\/www.krafthand.de\\\/truck\\\/artikel\\\/filter-einzeln-oder-im-paket-23944\\\/#primaryimage\",\"url\":\"https:\\\/\\\/static.krafthand-truck.de\\\/uploads\\\/2018\\\/06\\\/kht0118_043.jpg\",\"contentUrl\":\"https:\\\/\\\/static.krafthand-truck.de\\\/uploads\\\/2018\\\/06\\\/kht0118_043.jpg\",\"width\":1200,\"height\":960,\"caption\":\"Hochwertige Filtersysteme verl\u00e4ngern die Motorlebensdauer. Daneben spielt der Innenraumfilter eine wichtige Rolle, da er den Fahrer vor Abgasen, Pollen und sonstigen Luftverunreinigungen sch\u00fctzt. Bild: Febi\"},{\"@type\":\"BreadcrumbList\",\"@id\":\"https:\\\/\\\/www.krafthand.de\\\/truck\\\/artikel\\\/filter-einzeln-oder-im-paket-23944\\\/#breadcrumb\",\"itemListElement\":[{\"@type\":\"ListItem\",\"position\":1,\"name\":\"Krafthand-Truck\",\"item\":\"https:\\\/\\\/www.krafthand.de\\\/truck\\\/\"},{\"@type\":\"ListItem\",\"position\":2,\"name\":\"Nfz-Branche\",\"item\":\"https:\\\/\\\/www.krafthand.de\\\/truck\\\/kategorie\\\/branche\\\/\"},{\"@type\":\"ListItem\",\"position\":3,\"name\":\"Filter \u2013 einzeln oder im Paket\"}]},{\"@type\":\"WebSite\",\"@id\":\"https:\\\/\\\/www.krafthand.de\\\/truck\\\/#website\",\"url\":\"https:\\\/\\\/www.krafthand.de\\\/truck\\\/\",\"name\":\"Krafthand-Truck\",\"description\":\"\",\"potentialAction\":[{\"@type\":\"SearchAction\",\"target\":{\"@type\":\"EntryPoint\",\"urlTemplate\":\"https:\\\/\\\/www.krafthand.de\\\/truck\\\/?s={search_term_string}\"},\"query-input\":{\"@type\":\"PropertyValueSpecification\",\"valueRequired\":true,\"valueName\":\"search_term_string\"}}],\"inLanguage\":\"de\"},{\"@type\":\"Person\",\"@id\":\"https:\\\/\\\/www.krafthand.de\\\/truck\\\/#\\\/schema\\\/person\\\/25290391c443ebfc18583f19f72a0c26\",\"name\":\"elisabeth.mair@krafthand.de\",\"image\":{\"@type\":\"ImageObject\",\"inLanguage\":\"de\",\"@id\":\"https:\\\/\\\/secure.gravatar.com\\\/avatar\\\/5f0e25e42e13f6e7631bd6597cd91b90228ead6b823ba81a6c8ee32fe135d72e?s=96&d=mm&r=g\",\"url\":\"https:\\\/\\\/secure.gravatar.com\\\/avatar\\\/5f0e25e42e13f6e7631bd6597cd91b90228ead6b823ba81a6c8ee32fe135d72e?s=96&d=mm&r=g\",\"contentUrl\":\"https:\\\/\\\/secure.gravatar.com\\\/avatar\\\/5f0e25e42e13f6e7631bd6597cd91b90228ead6b823ba81a6c8ee32fe135d72e?s=96&d=mm&r=g\",\"caption\":\"elisabeth.mair@krafthand.de\"}}]}<\/script>\n<!-- \/ Yoast SEO plugin. -->","yoast_head_json":{"title":"Filter \u2013 einzeln oder im Paket - Krafthand-Truck","robots":{"index":"index","follow":"follow","max-snippet":"max-snippet:-1","max-image-preview":"max-image-preview:large","max-video-preview":"max-video-preview:-1"},"canonical":"https:\/\/www.krafthand.de\/truck\/artikel\/filter-einzeln-oder-im-paket-23944\/","og_locale":"de_DE","og_type":"article","og_title":"Filter \u2013 einzeln oder im Paket - Krafthand-Truck","og_description":"Um Werkstattfachleuten das Filter-Handling zu erleichtern, bietet Febi f\u00fcr den\u00a0 fachgerechten Fahrzeugservice neben einzelnen Filterkomponenten auch komplette,\u00a0 modellspezifische Wartungspakete an. Unternehmensangaben zufolge enthalten\u00a0 diese \u2013 mit Ausnahme der Betriebsfl\u00fcssigkeiten \u2013 alle f\u00fcr die betreffende Wartungsaufgabe notwendigen Komponenten. Dazu z\u00e4hlen demnach\u00a0 neben \u00d6l-,\u00a0\u00a0\u00a0 Luft- und Kraftstofffilter auch\u00a0 der Innenraumfilter sowie gegebenenfalls der\u00a0\u00a0\u00a0 Harnstofffilter und s\u00e4mtliche notwendigen ... weiter","og_url":"https:\/\/www.krafthand-truck.de\/artikel\/filter-einzeln-oder-im-paket-23944\/","og_site_name":"Krafthand-Truck","article_published_time":"2018-06-07T05:30:15+00:00","article_modified_time":"2018-06-12T08:31:18+00:00","og_image":[{"width":1200,"height":960,"url":"https:\/\/www.krafthand.de\/truck\/wp-content\/uploads\/2018\/06\/kht0118_043.jpg","type":"image\/jpeg"}],"author":"elisabeth.mair@krafthand.de","twitter_card":"summary_large_image","twitter_misc":{"Verfasst von":"elisabeth.mair@krafthand.de","Gesch\u00e4tzte Lesezeit":"1\u00a0Minute"},"schema":{"@context":"https:\/\/schema.org","@graph":[{"@type":"Article","@id":"https:\/\/www.krafthand.de\/truck\/artikel\/filter-einzeln-oder-im-paket-23944\/#article","isPartOf":{"@id":"https:\/\/www.krafthand.de\/truck\/artikel\/filter-einzeln-oder-im-paket-23944\/"},"author":{"name":"elisabeth.mair@krafthand.de","@id":"https:\/\/www.krafthand.de\/truck\/#\/schema\/person\/25290391c443ebfc18583f19f72a0c26"},"headline":"Filter \u2013 einzeln oder im Paket","datePublished":"2018-06-07T05:30:15+00:00","dateModified":"2018-06-12T08:31:18+00:00","mainEntityOfPage":{"@id":"https:\/\/www.krafthand.de\/truck\/artikel\/filter-einzeln-oder-im-paket-23944\/"},"wordCount":171,"image":{"@id":"https:\/\/www.krafthand.de\/truck\/artikel\/filter-einzeln-oder-im-paket-23944\/#primaryimage"},"thumbnailUrl":"https:\/\/static.krafthand-truck.de\/uploads\/2018\/06\/kht0118_043.jpg","keywords":["Dichtung","Febi Bilstein","Filter","Harnstoff","Innenraum","Kraftstoff","Motor"],"articleSection":["Nfz-Branche"],"inLanguage":"de"},{"@type":"WebPage","@id":"https:\/\/www.krafthand.de\/truck\/artikel\/filter-einzeln-oder-im-paket-23944\/","url":"https:\/\/www.krafthand.de\/truck\/artikel\/filter-einzeln-oder-im-paket-23944\/","name":"Filter \u2013 einzeln oder im Paket - Krafthand-Truck","isPartOf":{"@id":"https:\/\/www.krafthand.de\/truck\/#website"},"primaryImageOfPage":{"@id":"https:\/\/www.krafthand.de\/truck\/artikel\/filter-einzeln-oder-im-paket-23944\/#primaryimage"},"image":{"@id":"https:\/\/www.krafthand.de\/truck\/artikel\/filter-einzeln-oder-im-paket-23944\/#primaryimage"},"thumbnailUrl":"https:\/\/static.krafthand-truck.de\/uploads\/2018\/06\/kht0118_043.jpg","datePublished":"2018-06-07T05:30:15+00:00","dateModified":"2018-06-12T08:31:18+00:00","author":{"@id":"https:\/\/www.krafthand.de\/truck\/#\/schema\/person\/25290391c443ebfc18583f19f72a0c26"},"breadcrumb":{"@id":"https:\/\/www.krafthand.de\/truck\/artikel\/filter-einzeln-oder-im-paket-23944\/#breadcrumb"},"inLanguage":"de","potentialAction":[{"@type":"ReadAction","target":["https:\/\/www.krafthand.de\/truck\/artikel\/filter-einzeln-oder-im-paket-23944\/"]}]},{"@type":"ImageObject","inLanguage":"de","@id":"https:\/\/www.krafthand.de\/truck\/artikel\/filter-einzeln-oder-im-paket-23944\/#primaryimage","url":"https:\/\/static.krafthand-truck.de\/uploads\/2018\/06\/kht0118_043.jpg","contentUrl":"https:\/\/static.krafthand-truck.de\/uploads\/2018\/06\/kht0118_043.jpg","width":1200,"height":960,"caption":"Hochwertige Filtersysteme verl\u00e4ngern die Motorlebensdauer. Daneben spielt der Innenraumfilter eine wichtige Rolle, da er den Fahrer vor Abgasen, Pollen und sonstigen Luftverunreinigungen sch\u00fctzt. Bild: Febi"},{"@type":"BreadcrumbList","@id":"https:\/\/www.krafthand.de\/truck\/artikel\/filter-einzeln-oder-im-paket-23944\/#breadcrumb","itemListElement":[{"@type":"ListItem","position":1,"name":"Krafthand-Truck","item":"https:\/\/www.krafthand.de\/truck\/"},{"@type":"ListItem","position":2,"name":"Nfz-Branche","item":"https:\/\/www.krafthand.de\/truck\/kategorie\/branche\/"},{"@type":"ListItem","position":3,"name":"Filter \u2013 einzeln oder im Paket"}]},{"@type":"WebSite","@id":"https:\/\/www.krafthand.de\/truck\/#website","url":"https:\/\/www.krafthand.de\/truck\/","name":"Krafthand-Truck","description":"","potentialAction":[{"@type":"SearchAction","target":{"@type":"EntryPoint","urlTemplate":"https:\/\/www.krafthand.de\/truck\/?s={search_term_string}"},"query-input":{"@type":"PropertyValueSpecification","valueRequired":true,"valueName":"search_term_string"}}],"inLanguage":"de"},{"@type":"Person","@id":"https:\/\/www.krafthand.de\/truck\/#\/schema\/person\/25290391c443ebfc18583f19f72a0c26","name":"elisabeth.mair@krafthand.de","image":{"@type":"ImageObject","inLanguage":"de","@id":"https:\/\/secure.gravatar.com\/avatar\/5f0e25e42e13f6e7631bd6597cd91b90228ead6b823ba81a6c8ee32fe135d72e?s=96&d=mm&r=g","url":"https:\/\/secure.gravatar.com\/avatar\/5f0e25e42e13f6e7631bd6597cd91b90228ead6b823ba81a6c8ee32fe135d72e?s=96&d=mm&r=g","contentUrl":"https:\/\/secure.gravatar.com\/avatar\/5f0e25e42e13f6e7631bd6597cd91b90228ead6b823ba81a6c8ee32fe135d72e?s=96&d=mm&r=g","caption":"elisabeth.mair@krafthand.de"}}]}},"_links":{"self":[{"href":"https:\/\/www.krafthand.de\/truck\/wp-json\/wp\/v2\/posts\/23944","targetHints":{"allow":["GET"]}}],"collection":[{"href":"https:\/\/www.krafthand.de\/truck\/wp-json\/wp\/v2\/posts"}],"about":[{"href":"https:\/\/www.krafthand.de\/truck\/wp-json\/wp\/v2\/types\/post"}],"author":[{"embeddable":true,"href":"https:\/\/www.krafthand.de\/truck\/wp-json\/wp\/v2\/users\/6"}],"replies":[{"embeddable":true,"href":"https:\/\/www.krafthand.de\/truck\/wp-json\/wp\/v2\/comments?post=23944"}],"version-history":[{"count":1,"href":"https:\/\/www.krafthand.de\/truck\/wp-json\/wp\/v2\/posts\/23944\/revisions"}],"predecessor-version":[{"id":23946,"href":"https:\/\/www.krafthand.de\/truck\/wp-json\/wp\/v2\/posts\/23944\/revisions\/23946"}],"wp:featuredmedia":[{"embeddable":true,"href":"https:\/\/www.krafthand.de\/truck\/wp-json\/wp\/v2\/media\/23945"}],"wp:attachment":[{"href":"https:\/\/www.krafthand.de\/truck\/wp-json\/wp\/v2\/media?parent=23944"}],"wp:term":[{"taxonomy":"category","embeddable":true,"href":"https:\/\/www.krafthand.de\/truck\/wp-json\/wp\/v2\/categories?post=23944"},{"taxonomy":"post_tag","embeddable":true,"href":"https:\/\/www.krafthand.de\/truck\/wp-json\/wp\/v2\/tags?post=23944"},{"taxonomy":"settings","embeddable":true,"href":"https:\/\/www.krafthand.de\/truck\/wp-json\/wp\/v2\/settings?post=23944"}],"curies":[{"name":"wp","href":"https:\/\/api.w.org\/{rel}","templated":true}]}}