{"id":23865,"date":"2018-04-18T09:41:02","date_gmt":"2018-04-18T07:41:02","guid":{"rendered":"https:\/\/www.krafthand.de\/truck\/?p=23865"},"modified":"2018-04-18T09:42:13","modified_gmt":"2018-04-18T07:42:13","slug":"geschaeftsleitung-umstrukturiert","status":"publish","type":"post","link":"https:\/\/www.krafthand.de\/truck\/artikel\/geschaeftsleitung-umstrukturiert-23865\/","title":{"rendered":"Gesch\u00e4ftsleitung umstrukturiert"},"content":{"rendered":"<p>Seit 01. M\u00e4rz 2018 hat die Gesch\u00e4ftsleitung von <strong>PE Automotive<\/strong> mit Ralf Maurer einen neuen Vorsitzenden. Damit vollzieht das zur <strong>BPW-Gruppe<\/strong> geh\u00f6rende Unternehmen nach eigenem Bekunden einen weiteren Schritt, um seinen marktorientierten\u00a0 Ausbau f\u00fcr die kommenden Jahre sicherzustellen und die Ausweitung des Sortiments\u00a0 voranzutreiben. Zus\u00e4tzlich soll Maurer als Gesch\u00e4ftsf\u00fchrer der BPW Aftermarket Group Deutschland GmbH seine Expertise in den Bereichen Handel und\u00a0 Automotive Aftermarket in die strategische Weiterentwicklung einbringen. Einer\u00a0 Pressemitteilung zufolge kann Maurer eine langj\u00e4hrige Erfahrung in\u00a0 Handelsunternehmen wie etwa der Metro Group vorweisen. Zuletzt verantwortete er bei Europart als Mitglied der Gesch\u00e4ftsleitung die Bereiche Category- und\u00a0 Bestandsmanagement, International Sourcing und Pricing.<\/p>\n<p><i>Den Beitrag finden Sie auch in der Print-Ausgabe 1\/18 der <a href=\"https:\/\/www.krafthand.de\/truck\/magazin\/\" title=\"Zum Magazin\">Krafthand-Truck<\/a>.<\/i><\/p>","protected":false},"excerpt":{"rendered":"<p>Seit 01. M\u00e4rz 2018 hat die Gesch\u00e4ftsleitung von PE Automotive mit Ralf Maurer einen neuen Vorsitzenden. Damit vollzieht das zur BPW-Gruppe geh\u00f6rende Unternehmen nach eigenem Bekunden einen weiteren Schritt, um seinen marktorientierten\u00a0 Ausbau f\u00fcr die kommenden Jahre sicherzustellen und die Ausweitung des Sortiments\u00a0 voranzutreiben. Zus\u00e4tzlich soll Maurer als Gesch\u00e4ftsf\u00fchrer der BPW Aftermarket Group Deutschland GmbH <span class=\"excerpt-more__dots\">&#8230;<\/span> <a class=\"excerpt-more__link\" href=\"https:\/\/www.krafthand.de\/truck\/artikel\/geschaeftsleitung-umstrukturiert-23865\/\" >weiter<\/a><\/p>\n","protected":false},"author":6,"featured_media":23866,"comment_status":"closed","ping_status":"closed","sticky":false,"template":"","format":"standard","meta":{"footnotes":""},"categories":[5],"tags":[173,2148,2066],"settings":[],"class_list":["post-23865","post","type-post","status-publish","format-standard","has-post-thumbnail","hentry","category-branche","tag-bpw","tag-pe-automotive","tag-ralf-maurer"],"yoast_head":"<!-- This site is optimized with the Yoast SEO plugin v27.3 - https:\/\/yoast.com\/product\/yoast-seo-wordpress\/ -->\n<title>Gesch\u00e4ftsleitung umstrukturiert - Krafthand-Truck<\/title>\n<meta name=\"robots\" content=\"index, follow, max-snippet:-1, max-image-preview:large, max-video-preview:-1\" \/>\n<link rel=\"canonical\" href=\"https:\/\/www.krafthand.de\/truck\/artikel\/geschaeftsleitung-umstrukturiert-23865\/\" \/>\n<meta property=\"og:locale\" content=\"de_DE\" \/>\n<meta property=\"og:type\" content=\"article\" \/>\n<meta property=\"og:title\" content=\"Gesch\u00e4ftsleitung umstrukturiert - Krafthand-Truck\" \/>\n<meta property=\"og:description\" content=\"Seit 01. M\u00e4rz 2018 hat die Gesch\u00e4ftsleitung von PE Automotive mit Ralf Maurer einen neuen Vorsitzenden. Damit vollzieht das zur BPW-Gruppe geh\u00f6rende Unternehmen nach eigenem Bekunden einen weiteren Schritt, um seinen marktorientierten\u00a0 Ausbau f\u00fcr die kommenden Jahre sicherzustellen und die Ausweitung des Sortiments\u00a0 voranzutreiben. Zus\u00e4tzlich soll Maurer als Gesch\u00e4ftsf\u00fchrer der BPW Aftermarket Group Deutschland GmbH ... weiter\" \/>\n<meta property=\"og:url\" content=\"https:\/\/www.krafthand-truck.de\/artikel\/geschaeftsleitung-umstrukturiert-23865\/\" \/>\n<meta property=\"og:site_name\" content=\"Krafthand-Truck\" \/>\n<meta property=\"article:published_time\" content=\"2018-04-18T07:41:02+00:00\" \/>\n<meta property=\"article:modified_time\" content=\"2018-04-18T07:42:13+00:00\" \/>\n<meta property=\"og:image\" content=\"https:\/\/www.krafthand.de\/truck\/wp-content\/uploads\/2018\/04\/kht0118_062.jpg\" \/>\n\t<meta property=\"og:image:width\" content=\"800\" \/>\n\t<meta property=\"og:image:height\" content=\"1200\" \/>\n\t<meta property=\"og:image:type\" content=\"image\/jpeg\" \/>\n<meta name=\"author\" content=\"elisabeth.mair@krafthand.de\" \/>\n<meta name=\"twitter:card\" content=\"summary_large_image\" \/>\n<meta name=\"twitter:label1\" content=\"Verfasst von\" \/>\n\t<meta name=\"twitter:data1\" content=\"elisabeth.mair@krafthand.de\" \/>\n\t<meta name=\"twitter:label2\" content=\"Gesch\u00e4tzte Lesezeit\" \/>\n\t<meta name=\"twitter:data2\" content=\"1\u00a0Minute\" \/>\n<script type=\"application\/ld+json\" class=\"yoast-schema-graph\">{\"@context\":\"https:\\\/\\\/schema.org\",\"@graph\":[{\"@type\":\"Article\",\"@id\":\"https:\\\/\\\/www.krafthand.de\\\/truck\\\/artikel\\\/geschaeftsleitung-umstrukturiert-23865\\\/#article\",\"isPartOf\":{\"@id\":\"https:\\\/\\\/www.krafthand.de\\\/truck\\\/artikel\\\/geschaeftsleitung-umstrukturiert-23865\\\/\"},\"author\":{\"name\":\"elisabeth.mair@krafthand.de\",\"@id\":\"https:\\\/\\\/www.krafthand.de\\\/truck\\\/#\\\/schema\\\/person\\\/25290391c443ebfc18583f19f72a0c26\"},\"headline\":\"Gesch\u00e4ftsleitung umstrukturiert\",\"datePublished\":\"2018-04-18T07:41:02+00:00\",\"dateModified\":\"2018-04-18T07:42:13+00:00\",\"mainEntityOfPage\":{\"@id\":\"https:\\\/\\\/www.krafthand.de\\\/truck\\\/artikel\\\/geschaeftsleitung-umstrukturiert-23865\\\/\"},\"wordCount\":113,\"image\":{\"@id\":\"https:\\\/\\\/www.krafthand.de\\\/truck\\\/artikel\\\/geschaeftsleitung-umstrukturiert-23865\\\/#primaryimage\"},\"thumbnailUrl\":\"https:\\\/\\\/static.krafthand-truck.de\\\/uploads\\\/2018\\\/04\\\/kht0118_062.jpg\",\"keywords\":[\"BPW\",\"PE Automotive\",\"Ralf Maurer\"],\"articleSection\":[\"Nfz-Branche\"],\"inLanguage\":\"de\"},{\"@type\":\"WebPage\",\"@id\":\"https:\\\/\\\/www.krafthand.de\\\/truck\\\/artikel\\\/geschaeftsleitung-umstrukturiert-23865\\\/\",\"url\":\"https:\\\/\\\/www.krafthand.de\\\/truck\\\/artikel\\\/geschaeftsleitung-umstrukturiert-23865\\\/\",\"name\":\"Gesch\u00e4ftsleitung umstrukturiert - Krafthand-Truck\",\"isPartOf\":{\"@id\":\"https:\\\/\\\/www.krafthand.de\\\/truck\\\/#website\"},\"primaryImageOfPage\":{\"@id\":\"https:\\\/\\\/www.krafthand.de\\\/truck\\\/artikel\\\/geschaeftsleitung-umstrukturiert-23865\\\/#primaryimage\"},\"image\":{\"@id\":\"https:\\\/\\\/www.krafthand.de\\\/truck\\\/artikel\\\/geschaeftsleitung-umstrukturiert-23865\\\/#primaryimage\"},\"thumbnailUrl\":\"https:\\\/\\\/static.krafthand-truck.de\\\/uploads\\\/2018\\\/04\\\/kht0118_062.jpg\",\"datePublished\":\"2018-04-18T07:41:02+00:00\",\"dateModified\":\"2018-04-18T07:42:13+00:00\",\"author\":{\"@id\":\"https:\\\/\\\/www.krafthand.de\\\/truck\\\/#\\\/schema\\\/person\\\/25290391c443ebfc18583f19f72a0c26\"},\"breadcrumb\":{\"@id\":\"https:\\\/\\\/www.krafthand.de\\\/truck\\\/artikel\\\/geschaeftsleitung-umstrukturiert-23865\\\/#breadcrumb\"},\"inLanguage\":\"de\",\"potentialAction\":[{\"@type\":\"ReadAction\",\"target\":[\"https:\\\/\\\/www.krafthand.de\\\/truck\\\/artikel\\\/geschaeftsleitung-umstrukturiert-23865\\\/\"]}]},{\"@type\":\"ImageObject\",\"inLanguage\":\"de\",\"@id\":\"https:\\\/\\\/www.krafthand.de\\\/truck\\\/artikel\\\/geschaeftsleitung-umstrukturiert-23865\\\/#primaryimage\",\"url\":\"https:\\\/\\\/static.krafthand-truck.de\\\/uploads\\\/2018\\\/04\\\/kht0118_062.jpg\",\"contentUrl\":\"https:\\\/\\\/static.krafthand-truck.de\\\/uploads\\\/2018\\\/04\\\/kht0118_062.jpg\",\"width\":800,\"height\":1200,\"caption\":\"Ralf Maurer seit 01.03.2018 in der Gesch\u00e4ftsleitung von PE Automotive\"},{\"@type\":\"BreadcrumbList\",\"@id\":\"https:\\\/\\\/www.krafthand.de\\\/truck\\\/artikel\\\/geschaeftsleitung-umstrukturiert-23865\\\/#breadcrumb\",\"itemListElement\":[{\"@type\":\"ListItem\",\"position\":1,\"name\":\"Krafthand-Truck\",\"item\":\"https:\\\/\\\/www.krafthand.de\\\/truck\\\/\"},{\"@type\":\"ListItem\",\"position\":2,\"name\":\"Nfz-Branche\",\"item\":\"https:\\\/\\\/www.krafthand.de\\\/truck\\\/kategorie\\\/branche\\\/\"},{\"@type\":\"ListItem\",\"position\":3,\"name\":\"Gesch\u00e4ftsleitung umstrukturiert\"}]},{\"@type\":\"WebSite\",\"@id\":\"https:\\\/\\\/www.krafthand.de\\\/truck\\\/#website\",\"url\":\"https:\\\/\\\/www.krafthand.de\\\/truck\\\/\",\"name\":\"Krafthand-Truck\",\"description\":\"\",\"potentialAction\":[{\"@type\":\"SearchAction\",\"target\":{\"@type\":\"EntryPoint\",\"urlTemplate\":\"https:\\\/\\\/www.krafthand.de\\\/truck\\\/?s={search_term_string}\"},\"query-input\":{\"@type\":\"PropertyValueSpecification\",\"valueRequired\":true,\"valueName\":\"search_term_string\"}}],\"inLanguage\":\"de\"},{\"@type\":\"Person\",\"@id\":\"https:\\\/\\\/www.krafthand.de\\\/truck\\\/#\\\/schema\\\/person\\\/25290391c443ebfc18583f19f72a0c26\",\"name\":\"elisabeth.mair@krafthand.de\",\"image\":{\"@type\":\"ImageObject\",\"inLanguage\":\"de\",\"@id\":\"https:\\\/\\\/secure.gravatar.com\\\/avatar\\\/5f0e25e42e13f6e7631bd6597cd91b90228ead6b823ba81a6c8ee32fe135d72e?s=96&d=mm&r=g\",\"url\":\"https:\\\/\\\/secure.gravatar.com\\\/avatar\\\/5f0e25e42e13f6e7631bd6597cd91b90228ead6b823ba81a6c8ee32fe135d72e?s=96&d=mm&r=g\",\"contentUrl\":\"https:\\\/\\\/secure.gravatar.com\\\/avatar\\\/5f0e25e42e13f6e7631bd6597cd91b90228ead6b823ba81a6c8ee32fe135d72e?s=96&d=mm&r=g\",\"caption\":\"elisabeth.mair@krafthand.de\"}}]}<\/script>\n<!-- \/ Yoast SEO plugin. -->","yoast_head_json":{"title":"Gesch\u00e4ftsleitung umstrukturiert - Krafthand-Truck","robots":{"index":"index","follow":"follow","max-snippet":"max-snippet:-1","max-image-preview":"max-image-preview:large","max-video-preview":"max-video-preview:-1"},"canonical":"https:\/\/www.krafthand.de\/truck\/artikel\/geschaeftsleitung-umstrukturiert-23865\/","og_locale":"de_DE","og_type":"article","og_title":"Gesch\u00e4ftsleitung umstrukturiert - Krafthand-Truck","og_description":"Seit 01. M\u00e4rz 2018 hat die Gesch\u00e4ftsleitung von PE Automotive mit Ralf Maurer einen neuen Vorsitzenden. Damit vollzieht das zur BPW-Gruppe geh\u00f6rende Unternehmen nach eigenem Bekunden einen weiteren Schritt, um seinen marktorientierten\u00a0 Ausbau f\u00fcr die kommenden Jahre sicherzustellen und die Ausweitung des Sortiments\u00a0 voranzutreiben. Zus\u00e4tzlich soll Maurer als Gesch\u00e4ftsf\u00fchrer der BPW Aftermarket Group Deutschland GmbH ... weiter","og_url":"https:\/\/www.krafthand-truck.de\/artikel\/geschaeftsleitung-umstrukturiert-23865\/","og_site_name":"Krafthand-Truck","article_published_time":"2018-04-18T07:41:02+00:00","article_modified_time":"2018-04-18T07:42:13+00:00","og_image":[{"width":800,"height":1200,"url":"https:\/\/www.krafthand.de\/truck\/wp-content\/uploads\/2018\/04\/kht0118_062.jpg","type":"image\/jpeg"}],"author":"elisabeth.mair@krafthand.de","twitter_card":"summary_large_image","twitter_misc":{"Verfasst von":"elisabeth.mair@krafthand.de","Gesch\u00e4tzte Lesezeit":"1\u00a0Minute"},"schema":{"@context":"https:\/\/schema.org","@graph":[{"@type":"Article","@id":"https:\/\/www.krafthand.de\/truck\/artikel\/geschaeftsleitung-umstrukturiert-23865\/#article","isPartOf":{"@id":"https:\/\/www.krafthand.de\/truck\/artikel\/geschaeftsleitung-umstrukturiert-23865\/"},"author":{"name":"elisabeth.mair@krafthand.de","@id":"https:\/\/www.krafthand.de\/truck\/#\/schema\/person\/25290391c443ebfc18583f19f72a0c26"},"headline":"Gesch\u00e4ftsleitung umstrukturiert","datePublished":"2018-04-18T07:41:02+00:00","dateModified":"2018-04-18T07:42:13+00:00","mainEntityOfPage":{"@id":"https:\/\/www.krafthand.de\/truck\/artikel\/geschaeftsleitung-umstrukturiert-23865\/"},"wordCount":113,"image":{"@id":"https:\/\/www.krafthand.de\/truck\/artikel\/geschaeftsleitung-umstrukturiert-23865\/#primaryimage"},"thumbnailUrl":"https:\/\/static.krafthand-truck.de\/uploads\/2018\/04\/kht0118_062.jpg","keywords":["BPW","PE Automotive","Ralf Maurer"],"articleSection":["Nfz-Branche"],"inLanguage":"de"},{"@type":"WebPage","@id":"https:\/\/www.krafthand.de\/truck\/artikel\/geschaeftsleitung-umstrukturiert-23865\/","url":"https:\/\/www.krafthand.de\/truck\/artikel\/geschaeftsleitung-umstrukturiert-23865\/","name":"Gesch\u00e4ftsleitung umstrukturiert - Krafthand-Truck","isPartOf":{"@id":"https:\/\/www.krafthand.de\/truck\/#website"},"primaryImageOfPage":{"@id":"https:\/\/www.krafthand.de\/truck\/artikel\/geschaeftsleitung-umstrukturiert-23865\/#primaryimage"},"image":{"@id":"https:\/\/www.krafthand.de\/truck\/artikel\/geschaeftsleitung-umstrukturiert-23865\/#primaryimage"},"thumbnailUrl":"https:\/\/static.krafthand-truck.de\/uploads\/2018\/04\/kht0118_062.jpg","datePublished":"2018-04-18T07:41:02+00:00","dateModified":"2018-04-18T07:42:13+00:00","author":{"@id":"https:\/\/www.krafthand.de\/truck\/#\/schema\/person\/25290391c443ebfc18583f19f72a0c26"},"breadcrumb":{"@id":"https:\/\/www.krafthand.de\/truck\/artikel\/geschaeftsleitung-umstrukturiert-23865\/#breadcrumb"},"inLanguage":"de","potentialAction":[{"@type":"ReadAction","target":["https:\/\/www.krafthand.de\/truck\/artikel\/geschaeftsleitung-umstrukturiert-23865\/"]}]},{"@type":"ImageObject","inLanguage":"de","@id":"https:\/\/www.krafthand.de\/truck\/artikel\/geschaeftsleitung-umstrukturiert-23865\/#primaryimage","url":"https:\/\/static.krafthand-truck.de\/uploads\/2018\/04\/kht0118_062.jpg","contentUrl":"https:\/\/static.krafthand-truck.de\/uploads\/2018\/04\/kht0118_062.jpg","width":800,"height":1200,"caption":"Ralf Maurer seit 01.03.2018 in der Gesch\u00e4ftsleitung von PE Automotive"},{"@type":"BreadcrumbList","@id":"https:\/\/www.krafthand.de\/truck\/artikel\/geschaeftsleitung-umstrukturiert-23865\/#breadcrumb","itemListElement":[{"@type":"ListItem","position":1,"name":"Krafthand-Truck","item":"https:\/\/www.krafthand.de\/truck\/"},{"@type":"ListItem","position":2,"name":"Nfz-Branche","item":"https:\/\/www.krafthand.de\/truck\/kategorie\/branche\/"},{"@type":"ListItem","position":3,"name":"Gesch\u00e4ftsleitung umstrukturiert"}]},{"@type":"WebSite","@id":"https:\/\/www.krafthand.de\/truck\/#website","url":"https:\/\/www.krafthand.de\/truck\/","name":"Krafthand-Truck","description":"","potentialAction":[{"@type":"SearchAction","target":{"@type":"EntryPoint","urlTemplate":"https:\/\/www.krafthand.de\/truck\/?s={search_term_string}"},"query-input":{"@type":"PropertyValueSpecification","valueRequired":true,"valueName":"search_term_string"}}],"inLanguage":"de"},{"@type":"Person","@id":"https:\/\/www.krafthand.de\/truck\/#\/schema\/person\/25290391c443ebfc18583f19f72a0c26","name":"elisabeth.mair@krafthand.de","image":{"@type":"ImageObject","inLanguage":"de","@id":"https:\/\/secure.gravatar.com\/avatar\/5f0e25e42e13f6e7631bd6597cd91b90228ead6b823ba81a6c8ee32fe135d72e?s=96&d=mm&r=g","url":"https:\/\/secure.gravatar.com\/avatar\/5f0e25e42e13f6e7631bd6597cd91b90228ead6b823ba81a6c8ee32fe135d72e?s=96&d=mm&r=g","contentUrl":"https:\/\/secure.gravatar.com\/avatar\/5f0e25e42e13f6e7631bd6597cd91b90228ead6b823ba81a6c8ee32fe135d72e?s=96&d=mm&r=g","caption":"elisabeth.mair@krafthand.de"}}]}},"_links":{"self":[{"href":"https:\/\/www.krafthand.de\/truck\/wp-json\/wp\/v2\/posts\/23865","targetHints":{"allow":["GET"]}}],"collection":[{"href":"https:\/\/www.krafthand.de\/truck\/wp-json\/wp\/v2\/posts"}],"about":[{"href":"https:\/\/www.krafthand.de\/truck\/wp-json\/wp\/v2\/types\/post"}],"author":[{"embeddable":true,"href":"https:\/\/www.krafthand.de\/truck\/wp-json\/wp\/v2\/users\/6"}],"replies":[{"embeddable":true,"href":"https:\/\/www.krafthand.de\/truck\/wp-json\/wp\/v2\/comments?post=23865"}],"version-history":[{"count":2,"href":"https:\/\/www.krafthand.de\/truck\/wp-json\/wp\/v2\/posts\/23865\/revisions"}],"predecessor-version":[{"id":23868,"href":"https:\/\/www.krafthand.de\/truck\/wp-json\/wp\/v2\/posts\/23865\/revisions\/23868"}],"wp:featuredmedia":[{"embeddable":true,"href":"https:\/\/www.krafthand.de\/truck\/wp-json\/wp\/v2\/media\/23866"}],"wp:attachment":[{"href":"https:\/\/www.krafthand.de\/truck\/wp-json\/wp\/v2\/media?parent=23865"}],"wp:term":[{"taxonomy":"category","embeddable":true,"href":"https:\/\/www.krafthand.de\/truck\/wp-json\/wp\/v2\/categories?post=23865"},{"taxonomy":"post_tag","embeddable":true,"href":"https:\/\/www.krafthand.de\/truck\/wp-json\/wp\/v2\/tags?post=23865"},{"taxonomy":"settings","embeddable":true,"href":"https:\/\/www.krafthand.de\/truck\/wp-json\/wp\/v2\/settings?post=23865"}],"curies":[{"name":"wp","href":"https:\/\/api.w.org\/{rel}","templated":true}]}}