{"id":23847,"date":"2018-04-09T07:30:33","date_gmt":"2018-04-09T05:30:33","guid":{"rendered":"https:\/\/www.krafthand.de\/truck\/?p=23847"},"modified":"2018-04-04T10:37:05","modified_gmt":"2018-04-04T08:37:05","slug":"servicenetz-waechst-weiter","status":"publish","type":"post","link":"https:\/\/www.krafthand.de\/truck\/artikel\/servicenetz-waechst-weiter-23847\/","title":{"rendered":"Servicenetz w\u00e4chst weiter"},"content":{"rendered":"<p>Zum 01. Januar 2018 hat Daimler Buses den Fachbetrieb \u201aOmnibus Service S\u00fcdwest\u2018 im schw\u00e4bischen Herrenberg \u00fcbernommen. Der bisherige Partner-St\u00fctzpunkt der Daimler-Dienstleistungsmarke \u201aOmniplus\u2018 wird damit der zehnte unternehmenseigene \u201aBusWorld Home\u2018-Betrieb in Deutschland. F\u00fcr Ulrich Bastert, Leiter Marketing, Sales und Customer Services Daimler Buses, steht die \u00dcbernahme des Fachbetriebs, der nach eigenem Bekunden \u00fcberregional einen guten Ruf als Service-St\u00fctzpunkt f\u00fcr Omnibusse genie\u00dfen soll, f\u00fcr weiteres Wachstum der Vertriebsorganisation Deutschland: \u201eMit dem neuen Standort bauen wir f\u00fcr unsere Kunden das Service-Angebot im wirtschaftlich starken S\u00fcdwesten Stuttgarts deutlich aus\u201c, so Bastert.<\/p>\n<p><i>Den Beitrag finden Sie auch in der Print-Ausgabe 1\/18 der <a href=\"https:\/\/www.krafthand.de\/truck\/magazin\/\" title=\"Zum Magazin\">Krafthand-Truck<\/a>.<\/i><\/p>","protected":false},"excerpt":{"rendered":"<p>Zum 01. Januar 2018 hat Daimler Buses den Fachbetrieb \u201aOmnibus Service S\u00fcdwest\u2018 im schw\u00e4bischen Herrenberg \u00fcbernommen. Der bisherige Partner-St\u00fctzpunkt der Daimler-Dienstleistungsmarke \u201aOmniplus\u2018 wird damit der zehnte unternehmenseigene \u201aBusWorld Home\u2018-Betrieb in Deutschland. F\u00fcr Ulrich Bastert, Leiter Marketing, Sales und Customer Services Daimler Buses, steht die \u00dcbernahme des Fachbetriebs, der nach eigenem Bekunden \u00fcberregional einen guten Ruf <span class=\"excerpt-more__dots\">&#8230;<\/span> <a class=\"excerpt-more__link\" href=\"https:\/\/www.krafthand.de\/truck\/artikel\/servicenetz-waechst-weiter-23847\/\" >weiter<\/a><\/p>\n","protected":false},"author":6,"featured_media":23848,"comment_status":"closed","ping_status":"closed","sticky":false,"template":"","format":"standard","meta":{"footnotes":""},"categories":[5],"tags":[1040,3603,1449,749],"settings":[],"class_list":["post-23847","post","type-post","status-publish","format-standard","has-post-thumbnail","hentry","category-branche","tag-daimler","tag-daimler-buses","tag-omnibus","tag-servicenetz"],"yoast_head":"<!-- This site is optimized with the Yoast SEO plugin v27.3 - https:\/\/yoast.com\/product\/yoast-seo-wordpress\/ -->\n<title>Servicenetz w\u00e4chst weiter - Krafthand-Truck<\/title>\n<meta name=\"robots\" content=\"index, follow, max-snippet:-1, max-image-preview:large, max-video-preview:-1\" \/>\n<link rel=\"canonical\" href=\"https:\/\/www.krafthand.de\/truck\/artikel\/servicenetz-waechst-weiter-23847\/\" \/>\n<meta property=\"og:locale\" content=\"de_DE\" \/>\n<meta property=\"og:type\" content=\"article\" \/>\n<meta property=\"og:title\" content=\"Servicenetz w\u00e4chst weiter - Krafthand-Truck\" \/>\n<meta property=\"og:description\" content=\"Zum 01. Januar 2018 hat Daimler Buses den Fachbetrieb \u201aOmnibus Service S\u00fcdwest\u2018 im schw\u00e4bischen Herrenberg \u00fcbernommen. Der bisherige Partner-St\u00fctzpunkt der Daimler-Dienstleistungsmarke \u201aOmniplus\u2018 wird damit der zehnte unternehmenseigene \u201aBusWorld Home\u2018-Betrieb in Deutschland. F\u00fcr Ulrich Bastert, Leiter Marketing, Sales und Customer Services Daimler Buses, steht die \u00dcbernahme des Fachbetriebs, der nach eigenem Bekunden \u00fcberregional einen guten Ruf ... weiter\" \/>\n<meta property=\"og:url\" content=\"https:\/\/www.krafthand-truck.de\/artikel\/servicenetz-waechst-weiter-23847\/\" \/>\n<meta property=\"og:site_name\" content=\"Krafthand-Truck\" \/>\n<meta property=\"article:published_time\" content=\"2018-04-09T05:30:33+00:00\" \/>\n<meta property=\"og:image\" content=\"https:\/\/www.krafthand.de\/truck\/wp-content\/uploads\/2018\/04\/kht0118_063.jpg\" \/>\n\t<meta property=\"og:image:width\" content=\"1200\" \/>\n\t<meta property=\"og:image:height\" content=\"666\" \/>\n\t<meta property=\"og:image:type\" content=\"image\/jpeg\" \/>\n<meta name=\"author\" content=\"elisabeth.mair@krafthand.de\" \/>\n<meta name=\"twitter:card\" content=\"summary_large_image\" \/>\n<meta name=\"twitter:label1\" content=\"Verfasst von\" \/>\n\t<meta name=\"twitter:data1\" content=\"elisabeth.mair@krafthand.de\" \/>\n<script type=\"application\/ld+json\" class=\"yoast-schema-graph\">{\"@context\":\"https:\\\/\\\/schema.org\",\"@graph\":[{\"@type\":\"Article\",\"@id\":\"https:\\\/\\\/www.krafthand.de\\\/truck\\\/artikel\\\/servicenetz-waechst-weiter-23847\\\/#article\",\"isPartOf\":{\"@id\":\"https:\\\/\\\/www.krafthand.de\\\/truck\\\/artikel\\\/servicenetz-waechst-weiter-23847\\\/\"},\"author\":{\"name\":\"elisabeth.mair@krafthand.de\",\"@id\":\"https:\\\/\\\/www.krafthand.de\\\/truck\\\/#\\\/schema\\\/person\\\/25290391c443ebfc18583f19f72a0c26\"},\"headline\":\"Servicenetz w\u00e4chst weiter\",\"datePublished\":\"2018-04-09T05:30:33+00:00\",\"mainEntityOfPage\":{\"@id\":\"https:\\\/\\\/www.krafthand.de\\\/truck\\\/artikel\\\/servicenetz-waechst-weiter-23847\\\/\"},\"wordCount\":100,\"image\":{\"@id\":\"https:\\\/\\\/www.krafthand.de\\\/truck\\\/artikel\\\/servicenetz-waechst-weiter-23847\\\/#primaryimage\"},\"thumbnailUrl\":\"https:\\\/\\\/static.krafthand-truck.de\\\/uploads\\\/2018\\\/04\\\/kht0118_063.jpg\",\"keywords\":[\"Daimler\",\"Daimler Buses\",\"Omnibus\",\"Servicenetz\"],\"articleSection\":[\"Nfz-Branche\"],\"inLanguage\":\"de\"},{\"@type\":\"WebPage\",\"@id\":\"https:\\\/\\\/www.krafthand.de\\\/truck\\\/artikel\\\/servicenetz-waechst-weiter-23847\\\/\",\"url\":\"https:\\\/\\\/www.krafthand.de\\\/truck\\\/artikel\\\/servicenetz-waechst-weiter-23847\\\/\",\"name\":\"Servicenetz w\u00e4chst weiter - Krafthand-Truck\",\"isPartOf\":{\"@id\":\"https:\\\/\\\/www.krafthand.de\\\/truck\\\/#website\"},\"primaryImageOfPage\":{\"@id\":\"https:\\\/\\\/www.krafthand.de\\\/truck\\\/artikel\\\/servicenetz-waechst-weiter-23847\\\/#primaryimage\"},\"image\":{\"@id\":\"https:\\\/\\\/www.krafthand.de\\\/truck\\\/artikel\\\/servicenetz-waechst-weiter-23847\\\/#primaryimage\"},\"thumbnailUrl\":\"https:\\\/\\\/static.krafthand-truck.de\\\/uploads\\\/2018\\\/04\\\/kht0118_063.jpg\",\"datePublished\":\"2018-04-09T05:30:33+00:00\",\"author\":{\"@id\":\"https:\\\/\\\/www.krafthand.de\\\/truck\\\/#\\\/schema\\\/person\\\/25290391c443ebfc18583f19f72a0c26\"},\"breadcrumb\":{\"@id\":\"https:\\\/\\\/www.krafthand.de\\\/truck\\\/artikel\\\/servicenetz-waechst-weiter-23847\\\/#breadcrumb\"},\"inLanguage\":\"de\",\"potentialAction\":[{\"@type\":\"ReadAction\",\"target\":[\"https:\\\/\\\/www.krafthand.de\\\/truck\\\/artikel\\\/servicenetz-waechst-weiter-23847\\\/\"]}]},{\"@type\":\"ImageObject\",\"inLanguage\":\"de\",\"@id\":\"https:\\\/\\\/www.krafthand.de\\\/truck\\\/artikel\\\/servicenetz-waechst-weiter-23847\\\/#primaryimage\",\"url\":\"https:\\\/\\\/static.krafthand-truck.de\\\/uploads\\\/2018\\\/04\\\/kht0118_063.jpg\",\"contentUrl\":\"https:\\\/\\\/static.krafthand-truck.de\\\/uploads\\\/2018\\\/04\\\/kht0118_063.jpg\",\"width\":1200,\"height\":666,\"caption\":\"(Bild: Daimler Buses)\"},{\"@type\":\"BreadcrumbList\",\"@id\":\"https:\\\/\\\/www.krafthand.de\\\/truck\\\/artikel\\\/servicenetz-waechst-weiter-23847\\\/#breadcrumb\",\"itemListElement\":[{\"@type\":\"ListItem\",\"position\":1,\"name\":\"Krafthand-Truck\",\"item\":\"https:\\\/\\\/www.krafthand.de\\\/truck\\\/\"},{\"@type\":\"ListItem\",\"position\":2,\"name\":\"Nfz-Branche\",\"item\":\"https:\\\/\\\/www.krafthand.de\\\/truck\\\/kategorie\\\/branche\\\/\"},{\"@type\":\"ListItem\",\"position\":3,\"name\":\"Servicenetz w\u00e4chst weiter\"}]},{\"@type\":\"WebSite\",\"@id\":\"https:\\\/\\\/www.krafthand.de\\\/truck\\\/#website\",\"url\":\"https:\\\/\\\/www.krafthand.de\\\/truck\\\/\",\"name\":\"Krafthand-Truck\",\"description\":\"\",\"potentialAction\":[{\"@type\":\"SearchAction\",\"target\":{\"@type\":\"EntryPoint\",\"urlTemplate\":\"https:\\\/\\\/www.krafthand.de\\\/truck\\\/?s={search_term_string}\"},\"query-input\":{\"@type\":\"PropertyValueSpecification\",\"valueRequired\":true,\"valueName\":\"search_term_string\"}}],\"inLanguage\":\"de\"},{\"@type\":\"Person\",\"@id\":\"https:\\\/\\\/www.krafthand.de\\\/truck\\\/#\\\/schema\\\/person\\\/25290391c443ebfc18583f19f72a0c26\",\"name\":\"elisabeth.mair@krafthand.de\",\"image\":{\"@type\":\"ImageObject\",\"inLanguage\":\"de\",\"@id\":\"https:\\\/\\\/secure.gravatar.com\\\/avatar\\\/5f0e25e42e13f6e7631bd6597cd91b90228ead6b823ba81a6c8ee32fe135d72e?s=96&d=mm&r=g\",\"url\":\"https:\\\/\\\/secure.gravatar.com\\\/avatar\\\/5f0e25e42e13f6e7631bd6597cd91b90228ead6b823ba81a6c8ee32fe135d72e?s=96&d=mm&r=g\",\"contentUrl\":\"https:\\\/\\\/secure.gravatar.com\\\/avatar\\\/5f0e25e42e13f6e7631bd6597cd91b90228ead6b823ba81a6c8ee32fe135d72e?s=96&d=mm&r=g\",\"caption\":\"elisabeth.mair@krafthand.de\"}}]}<\/script>\n<!-- \/ Yoast SEO plugin. -->","yoast_head_json":{"title":"Servicenetz w\u00e4chst weiter - Krafthand-Truck","robots":{"index":"index","follow":"follow","max-snippet":"max-snippet:-1","max-image-preview":"max-image-preview:large","max-video-preview":"max-video-preview:-1"},"canonical":"https:\/\/www.krafthand.de\/truck\/artikel\/servicenetz-waechst-weiter-23847\/","og_locale":"de_DE","og_type":"article","og_title":"Servicenetz w\u00e4chst weiter - Krafthand-Truck","og_description":"Zum 01. Januar 2018 hat Daimler Buses den Fachbetrieb \u201aOmnibus Service S\u00fcdwest\u2018 im schw\u00e4bischen Herrenberg \u00fcbernommen. Der bisherige Partner-St\u00fctzpunkt der Daimler-Dienstleistungsmarke \u201aOmniplus\u2018 wird damit der zehnte unternehmenseigene \u201aBusWorld Home\u2018-Betrieb in Deutschland. F\u00fcr Ulrich Bastert, Leiter Marketing, Sales und Customer Services Daimler Buses, steht die \u00dcbernahme des Fachbetriebs, der nach eigenem Bekunden \u00fcberregional einen guten Ruf ... weiter","og_url":"https:\/\/www.krafthand-truck.de\/artikel\/servicenetz-waechst-weiter-23847\/","og_site_name":"Krafthand-Truck","article_published_time":"2018-04-09T05:30:33+00:00","og_image":[{"width":1200,"height":666,"url":"https:\/\/www.krafthand.de\/truck\/wp-content\/uploads\/2018\/04\/kht0118_063.jpg","type":"image\/jpeg"}],"author":"elisabeth.mair@krafthand.de","twitter_card":"summary_large_image","twitter_misc":{"Verfasst von":"elisabeth.mair@krafthand.de"},"schema":{"@context":"https:\/\/schema.org","@graph":[{"@type":"Article","@id":"https:\/\/www.krafthand.de\/truck\/artikel\/servicenetz-waechst-weiter-23847\/#article","isPartOf":{"@id":"https:\/\/www.krafthand.de\/truck\/artikel\/servicenetz-waechst-weiter-23847\/"},"author":{"name":"elisabeth.mair@krafthand.de","@id":"https:\/\/www.krafthand.de\/truck\/#\/schema\/person\/25290391c443ebfc18583f19f72a0c26"},"headline":"Servicenetz w\u00e4chst weiter","datePublished":"2018-04-09T05:30:33+00:00","mainEntityOfPage":{"@id":"https:\/\/www.krafthand.de\/truck\/artikel\/servicenetz-waechst-weiter-23847\/"},"wordCount":100,"image":{"@id":"https:\/\/www.krafthand.de\/truck\/artikel\/servicenetz-waechst-weiter-23847\/#primaryimage"},"thumbnailUrl":"https:\/\/static.krafthand-truck.de\/uploads\/2018\/04\/kht0118_063.jpg","keywords":["Daimler","Daimler Buses","Omnibus","Servicenetz"],"articleSection":["Nfz-Branche"],"inLanguage":"de"},{"@type":"WebPage","@id":"https:\/\/www.krafthand.de\/truck\/artikel\/servicenetz-waechst-weiter-23847\/","url":"https:\/\/www.krafthand.de\/truck\/artikel\/servicenetz-waechst-weiter-23847\/","name":"Servicenetz w\u00e4chst weiter - Krafthand-Truck","isPartOf":{"@id":"https:\/\/www.krafthand.de\/truck\/#website"},"primaryImageOfPage":{"@id":"https:\/\/www.krafthand.de\/truck\/artikel\/servicenetz-waechst-weiter-23847\/#primaryimage"},"image":{"@id":"https:\/\/www.krafthand.de\/truck\/artikel\/servicenetz-waechst-weiter-23847\/#primaryimage"},"thumbnailUrl":"https:\/\/static.krafthand-truck.de\/uploads\/2018\/04\/kht0118_063.jpg","datePublished":"2018-04-09T05:30:33+00:00","author":{"@id":"https:\/\/www.krafthand.de\/truck\/#\/schema\/person\/25290391c443ebfc18583f19f72a0c26"},"breadcrumb":{"@id":"https:\/\/www.krafthand.de\/truck\/artikel\/servicenetz-waechst-weiter-23847\/#breadcrumb"},"inLanguage":"de","potentialAction":[{"@type":"ReadAction","target":["https:\/\/www.krafthand.de\/truck\/artikel\/servicenetz-waechst-weiter-23847\/"]}]},{"@type":"ImageObject","inLanguage":"de","@id":"https:\/\/www.krafthand.de\/truck\/artikel\/servicenetz-waechst-weiter-23847\/#primaryimage","url":"https:\/\/static.krafthand-truck.de\/uploads\/2018\/04\/kht0118_063.jpg","contentUrl":"https:\/\/static.krafthand-truck.de\/uploads\/2018\/04\/kht0118_063.jpg","width":1200,"height":666,"caption":"(Bild: Daimler Buses)"},{"@type":"BreadcrumbList","@id":"https:\/\/www.krafthand.de\/truck\/artikel\/servicenetz-waechst-weiter-23847\/#breadcrumb","itemListElement":[{"@type":"ListItem","position":1,"name":"Krafthand-Truck","item":"https:\/\/www.krafthand.de\/truck\/"},{"@type":"ListItem","position":2,"name":"Nfz-Branche","item":"https:\/\/www.krafthand.de\/truck\/kategorie\/branche\/"},{"@type":"ListItem","position":3,"name":"Servicenetz w\u00e4chst weiter"}]},{"@type":"WebSite","@id":"https:\/\/www.krafthand.de\/truck\/#website","url":"https:\/\/www.krafthand.de\/truck\/","name":"Krafthand-Truck","description":"","potentialAction":[{"@type":"SearchAction","target":{"@type":"EntryPoint","urlTemplate":"https:\/\/www.krafthand.de\/truck\/?s={search_term_string}"},"query-input":{"@type":"PropertyValueSpecification","valueRequired":true,"valueName":"search_term_string"}}],"inLanguage":"de"},{"@type":"Person","@id":"https:\/\/www.krafthand.de\/truck\/#\/schema\/person\/25290391c443ebfc18583f19f72a0c26","name":"elisabeth.mair@krafthand.de","image":{"@type":"ImageObject","inLanguage":"de","@id":"https:\/\/secure.gravatar.com\/avatar\/5f0e25e42e13f6e7631bd6597cd91b90228ead6b823ba81a6c8ee32fe135d72e?s=96&d=mm&r=g","url":"https:\/\/secure.gravatar.com\/avatar\/5f0e25e42e13f6e7631bd6597cd91b90228ead6b823ba81a6c8ee32fe135d72e?s=96&d=mm&r=g","contentUrl":"https:\/\/secure.gravatar.com\/avatar\/5f0e25e42e13f6e7631bd6597cd91b90228ead6b823ba81a6c8ee32fe135d72e?s=96&d=mm&r=g","caption":"elisabeth.mair@krafthand.de"}}]}},"_links":{"self":[{"href":"https:\/\/www.krafthand.de\/truck\/wp-json\/wp\/v2\/posts\/23847","targetHints":{"allow":["GET"]}}],"collection":[{"href":"https:\/\/www.krafthand.de\/truck\/wp-json\/wp\/v2\/posts"}],"about":[{"href":"https:\/\/www.krafthand.de\/truck\/wp-json\/wp\/v2\/types\/post"}],"author":[{"embeddable":true,"href":"https:\/\/www.krafthand.de\/truck\/wp-json\/wp\/v2\/users\/6"}],"replies":[{"embeddable":true,"href":"https:\/\/www.krafthand.de\/truck\/wp-json\/wp\/v2\/comments?post=23847"}],"version-history":[{"count":2,"href":"https:\/\/www.krafthand.de\/truck\/wp-json\/wp\/v2\/posts\/23847\/revisions"}],"predecessor-version":[{"id":23850,"href":"https:\/\/www.krafthand.de\/truck\/wp-json\/wp\/v2\/posts\/23847\/revisions\/23850"}],"wp:featuredmedia":[{"embeddable":true,"href":"https:\/\/www.krafthand.de\/truck\/wp-json\/wp\/v2\/media\/23848"}],"wp:attachment":[{"href":"https:\/\/www.krafthand.de\/truck\/wp-json\/wp\/v2\/media?parent=23847"}],"wp:term":[{"taxonomy":"category","embeddable":true,"href":"https:\/\/www.krafthand.de\/truck\/wp-json\/wp\/v2\/categories?post=23847"},{"taxonomy":"post_tag","embeddable":true,"href":"https:\/\/www.krafthand.de\/truck\/wp-json\/wp\/v2\/tags?post=23847"},{"taxonomy":"settings","embeddable":true,"href":"https:\/\/www.krafthand.de\/truck\/wp-json\/wp\/v2\/settings?post=23847"}],"curies":[{"name":"wp","href":"https:\/\/api.w.org\/{rel}","templated":true}]}}