{"id":23828,"date":"2018-04-04T07:30:06","date_gmt":"2018-04-04T05:30:06","guid":{"rendered":"https:\/\/www.krafthand.de\/truck\/?p=23828"},"modified":"2018-04-04T09:42:02","modified_gmt":"2018-04-04T07:42:02","slug":"neue-fuehrung-fuer-die-telematik-sparte","status":"publish","type":"post","link":"https:\/\/www.krafthand.de\/truck\/artikel\/neue-fuehrung-fuer-die-telematik-sparte-23828\/","title":{"rendered":"Neue F\u00fchrung f\u00fcr die Telematik-Sparte"},"content":{"rendered":"<p>Seit Kurzem ist Marco Reichwein neuer Gesch\u00e4ftsf\u00fchrer der Schmitz Cargobull-Tochter \u201aSchmitz Cargobull Telematics\u2018. Er folgt direkt auf Karl-Heinz Neu, der als Gesch\u00e4ftsf\u00fchrer der 100-prozentigen Tochtergesellschaft \u201eKubikx\u201c das neue Gesch\u00e4ftsfeld \u201aDigital Business\u2018 f\u00fcr den Trailerhersteller aufbauen und die digitale Transformation in der Logistik- und Transportbranche mitgestalten soll. Laut Andreas Schmitz, Vorstandsvorsitzender der Schmitz Cargobull AG, konnte man mit Reichwein \u201eeinen echten Branchenkenner f\u00fcr diese anspruchsvolle Aufgabe gewinnen\u201c. Aufgrund profunder Branchenkenntnisse und seiner Managementerfahrung in verschiedenen F\u00fchrungspositionen in der Nutzfahrzeugbranche soll er sich \u201ehervorragend f\u00fcr die strategische Leitung von Schmitz Cargobull Telematics eignen\u201c, so Schmitz.<\/p>\n<p><i>Den Beitrag finden Sie auch in der Print-Ausgabe 1\/18 der <a href=\"https:\/\/www.krafthand.de\/truck\/magazin\/\" title=\"Zum Magazin\">Krafthand-Truck<\/a>.<\/i><\/p>","protected":false},"excerpt":{"rendered":"<p>Seit Kurzem ist Marco Reichwein neuer Gesch\u00e4ftsf\u00fchrer der Schmitz Cargobull-Tochter \u201aSchmitz Cargobull Telematics\u2018. Er folgt direkt auf Karl-Heinz Neu, der als Gesch\u00e4ftsf\u00fchrer der 100-prozentigen Tochtergesellschaft \u201eKubikx\u201c das neue Gesch\u00e4ftsfeld \u201aDigital Business\u2018 f\u00fcr den Trailerhersteller aufbauen und die digitale Transformation in der Logistik- und Transportbranche mitgestalten soll. Laut Andreas Schmitz, Vorstandsvorsitzender der Schmitz Cargobull AG, konnte <span class=\"excerpt-more__dots\">&#8230;<\/span> <a class=\"excerpt-more__link\" href=\"https:\/\/www.krafthand.de\/truck\/artikel\/neue-fuehrung-fuer-die-telematik-sparte-23828\/\" >weiter<\/a><\/p>\n","protected":false},"author":6,"featured_media":23829,"comment_status":"closed","ping_status":"closed","sticky":false,"template":"","format":"standard","meta":{"footnotes":""},"categories":[5],"tags":[3598,2202,475],"settings":[],"class_list":["post-23828","post","type-post","status-publish","format-standard","has-post-thumbnail","hentry","category-branche","tag-marco-reichwein","tag-schmitz-cargobull","tag-telematik"],"yoast_head":"<!-- This site is optimized with the Yoast SEO plugin v27.3 - https:\/\/yoast.com\/product\/yoast-seo-wordpress\/ -->\n<title>Neue F\u00fchrung f\u00fcr die Telematik-Sparte - Krafthand-Truck<\/title>\n<meta name=\"robots\" content=\"index, follow, max-snippet:-1, max-image-preview:large, max-video-preview:-1\" \/>\n<link rel=\"canonical\" href=\"https:\/\/www.krafthand.de\/truck\/artikel\/neue-fuehrung-fuer-die-telematik-sparte-23828\/\" \/>\n<meta property=\"og:locale\" content=\"de_DE\" \/>\n<meta property=\"og:type\" content=\"article\" \/>\n<meta property=\"og:title\" content=\"Neue F\u00fchrung f\u00fcr die Telematik-Sparte - Krafthand-Truck\" \/>\n<meta property=\"og:description\" content=\"Seit Kurzem ist Marco Reichwein neuer Gesch\u00e4ftsf\u00fchrer der Schmitz Cargobull-Tochter \u201aSchmitz Cargobull Telematics\u2018. Er folgt direkt auf Karl-Heinz Neu, der als Gesch\u00e4ftsf\u00fchrer der 100-prozentigen Tochtergesellschaft \u201eKubikx\u201c das neue Gesch\u00e4ftsfeld \u201aDigital Business\u2018 f\u00fcr den Trailerhersteller aufbauen und die digitale Transformation in der Logistik- und Transportbranche mitgestalten soll. Laut Andreas Schmitz, Vorstandsvorsitzender der Schmitz Cargobull AG, konnte ... weiter\" \/>\n<meta property=\"og:url\" content=\"https:\/\/www.krafthand-truck.de\/artikel\/neue-fuehrung-fuer-die-telematik-sparte-23828\/\" \/>\n<meta property=\"og:site_name\" content=\"Krafthand-Truck\" \/>\n<meta property=\"article:published_time\" content=\"2018-04-04T05:30:06+00:00\" \/>\n<meta property=\"article:modified_time\" content=\"2018-04-04T07:42:02+00:00\" \/>\n<meta property=\"og:image\" content=\"https:\/\/www.krafthand.de\/truck\/wp-content\/uploads\/2018\/04\/kht0118_061.jpg\" \/>\n\t<meta property=\"og:image:width\" content=\"1200\" \/>\n\t<meta property=\"og:image:height\" content=\"800\" \/>\n\t<meta property=\"og:image:type\" content=\"image\/jpeg\" \/>\n<meta name=\"author\" content=\"elisabeth.mair@krafthand.de\" \/>\n<meta name=\"twitter:card\" content=\"summary_large_image\" \/>\n<meta name=\"twitter:label1\" content=\"Verfasst von\" \/>\n\t<meta name=\"twitter:data1\" content=\"elisabeth.mair@krafthand.de\" \/>\n\t<meta name=\"twitter:label2\" content=\"Gesch\u00e4tzte Lesezeit\" \/>\n\t<meta name=\"twitter:data2\" content=\"1\u00a0Minute\" \/>\n<script type=\"application\/ld+json\" class=\"yoast-schema-graph\">{\"@context\":\"https:\\\/\\\/schema.org\",\"@graph\":[{\"@type\":\"Article\",\"@id\":\"https:\\\/\\\/www.krafthand.de\\\/truck\\\/artikel\\\/neue-fuehrung-fuer-die-telematik-sparte-23828\\\/#article\",\"isPartOf\":{\"@id\":\"https:\\\/\\\/www.krafthand.de\\\/truck\\\/artikel\\\/neue-fuehrung-fuer-die-telematik-sparte-23828\\\/\"},\"author\":{\"name\":\"elisabeth.mair@krafthand.de\",\"@id\":\"https:\\\/\\\/www.krafthand.de\\\/truck\\\/#\\\/schema\\\/person\\\/25290391c443ebfc18583f19f72a0c26\"},\"headline\":\"Neue F\u00fchrung f\u00fcr die Telematik-Sparte\",\"datePublished\":\"2018-04-04T05:30:06+00:00\",\"dateModified\":\"2018-04-04T07:42:02+00:00\",\"mainEntityOfPage\":{\"@id\":\"https:\\\/\\\/www.krafthand.de\\\/truck\\\/artikel\\\/neue-fuehrung-fuer-die-telematik-sparte-23828\\\/\"},\"wordCount\":109,\"image\":{\"@id\":\"https:\\\/\\\/www.krafthand.de\\\/truck\\\/artikel\\\/neue-fuehrung-fuer-die-telematik-sparte-23828\\\/#primaryimage\"},\"thumbnailUrl\":\"https:\\\/\\\/static.krafthand-truck.de\\\/uploads\\\/2018\\\/04\\\/kht0118_061.jpg\",\"keywords\":[\"Marco Reichwein\",\"Schmitz Cargobull\",\"Telematik\"],\"articleSection\":[\"Nfz-Branche\"],\"inLanguage\":\"de\"},{\"@type\":\"WebPage\",\"@id\":\"https:\\\/\\\/www.krafthand.de\\\/truck\\\/artikel\\\/neue-fuehrung-fuer-die-telematik-sparte-23828\\\/\",\"url\":\"https:\\\/\\\/www.krafthand.de\\\/truck\\\/artikel\\\/neue-fuehrung-fuer-die-telematik-sparte-23828\\\/\",\"name\":\"Neue F\u00fchrung f\u00fcr die Telematik-Sparte - Krafthand-Truck\",\"isPartOf\":{\"@id\":\"https:\\\/\\\/www.krafthand.de\\\/truck\\\/#website\"},\"primaryImageOfPage\":{\"@id\":\"https:\\\/\\\/www.krafthand.de\\\/truck\\\/artikel\\\/neue-fuehrung-fuer-die-telematik-sparte-23828\\\/#primaryimage\"},\"image\":{\"@id\":\"https:\\\/\\\/www.krafthand.de\\\/truck\\\/artikel\\\/neue-fuehrung-fuer-die-telematik-sparte-23828\\\/#primaryimage\"},\"thumbnailUrl\":\"https:\\\/\\\/static.krafthand-truck.de\\\/uploads\\\/2018\\\/04\\\/kht0118_061.jpg\",\"datePublished\":\"2018-04-04T05:30:06+00:00\",\"dateModified\":\"2018-04-04T07:42:02+00:00\",\"author\":{\"@id\":\"https:\\\/\\\/www.krafthand.de\\\/truck\\\/#\\\/schema\\\/person\\\/25290391c443ebfc18583f19f72a0c26\"},\"breadcrumb\":{\"@id\":\"https:\\\/\\\/www.krafthand.de\\\/truck\\\/artikel\\\/neue-fuehrung-fuer-die-telematik-sparte-23828\\\/#breadcrumb\"},\"inLanguage\":\"de\",\"potentialAction\":[{\"@type\":\"ReadAction\",\"target\":[\"https:\\\/\\\/www.krafthand.de\\\/truck\\\/artikel\\\/neue-fuehrung-fuer-die-telematik-sparte-23828\\\/\"]}]},{\"@type\":\"ImageObject\",\"inLanguage\":\"de\",\"@id\":\"https:\\\/\\\/www.krafthand.de\\\/truck\\\/artikel\\\/neue-fuehrung-fuer-die-telematik-sparte-23828\\\/#primaryimage\",\"url\":\"https:\\\/\\\/static.krafthand-truck.de\\\/uploads\\\/2018\\\/04\\\/kht0118_061.jpg\",\"contentUrl\":\"https:\\\/\\\/static.krafthand-truck.de\\\/uploads\\\/2018\\\/04\\\/kht0118_061.jpg\",\"width\":1200,\"height\":800,\"caption\":\"Marco Reichwein Gesch\u00e4ftsf\u00fchrer Schmitz Cargobull Telematics\"},{\"@type\":\"BreadcrumbList\",\"@id\":\"https:\\\/\\\/www.krafthand.de\\\/truck\\\/artikel\\\/neue-fuehrung-fuer-die-telematik-sparte-23828\\\/#breadcrumb\",\"itemListElement\":[{\"@type\":\"ListItem\",\"position\":1,\"name\":\"Krafthand-Truck\",\"item\":\"https:\\\/\\\/www.krafthand.de\\\/truck\\\/\"},{\"@type\":\"ListItem\",\"position\":2,\"name\":\"Nfz-Branche\",\"item\":\"https:\\\/\\\/www.krafthand.de\\\/truck\\\/kategorie\\\/branche\\\/\"},{\"@type\":\"ListItem\",\"position\":3,\"name\":\"Neue F\u00fchrung f\u00fcr die Telematik-Sparte\"}]},{\"@type\":\"WebSite\",\"@id\":\"https:\\\/\\\/www.krafthand.de\\\/truck\\\/#website\",\"url\":\"https:\\\/\\\/www.krafthand.de\\\/truck\\\/\",\"name\":\"Krafthand-Truck\",\"description\":\"\",\"potentialAction\":[{\"@type\":\"SearchAction\",\"target\":{\"@type\":\"EntryPoint\",\"urlTemplate\":\"https:\\\/\\\/www.krafthand.de\\\/truck\\\/?s={search_term_string}\"},\"query-input\":{\"@type\":\"PropertyValueSpecification\",\"valueRequired\":true,\"valueName\":\"search_term_string\"}}],\"inLanguage\":\"de\"},{\"@type\":\"Person\",\"@id\":\"https:\\\/\\\/www.krafthand.de\\\/truck\\\/#\\\/schema\\\/person\\\/25290391c443ebfc18583f19f72a0c26\",\"name\":\"elisabeth.mair@krafthand.de\",\"image\":{\"@type\":\"ImageObject\",\"inLanguage\":\"de\",\"@id\":\"https:\\\/\\\/secure.gravatar.com\\\/avatar\\\/5f0e25e42e13f6e7631bd6597cd91b90228ead6b823ba81a6c8ee32fe135d72e?s=96&d=mm&r=g\",\"url\":\"https:\\\/\\\/secure.gravatar.com\\\/avatar\\\/5f0e25e42e13f6e7631bd6597cd91b90228ead6b823ba81a6c8ee32fe135d72e?s=96&d=mm&r=g\",\"contentUrl\":\"https:\\\/\\\/secure.gravatar.com\\\/avatar\\\/5f0e25e42e13f6e7631bd6597cd91b90228ead6b823ba81a6c8ee32fe135d72e?s=96&d=mm&r=g\",\"caption\":\"elisabeth.mair@krafthand.de\"}}]}<\/script>\n<!-- \/ Yoast SEO plugin. -->","yoast_head_json":{"title":"Neue F\u00fchrung f\u00fcr die Telematik-Sparte - Krafthand-Truck","robots":{"index":"index","follow":"follow","max-snippet":"max-snippet:-1","max-image-preview":"max-image-preview:large","max-video-preview":"max-video-preview:-1"},"canonical":"https:\/\/www.krafthand.de\/truck\/artikel\/neue-fuehrung-fuer-die-telematik-sparte-23828\/","og_locale":"de_DE","og_type":"article","og_title":"Neue F\u00fchrung f\u00fcr die Telematik-Sparte - Krafthand-Truck","og_description":"Seit Kurzem ist Marco Reichwein neuer Gesch\u00e4ftsf\u00fchrer der Schmitz Cargobull-Tochter \u201aSchmitz Cargobull Telematics\u2018. Er folgt direkt auf Karl-Heinz Neu, der als Gesch\u00e4ftsf\u00fchrer der 100-prozentigen Tochtergesellschaft \u201eKubikx\u201c das neue Gesch\u00e4ftsfeld \u201aDigital Business\u2018 f\u00fcr den Trailerhersteller aufbauen und die digitale Transformation in der Logistik- und Transportbranche mitgestalten soll. Laut Andreas Schmitz, Vorstandsvorsitzender der Schmitz Cargobull AG, konnte ... weiter","og_url":"https:\/\/www.krafthand-truck.de\/artikel\/neue-fuehrung-fuer-die-telematik-sparte-23828\/","og_site_name":"Krafthand-Truck","article_published_time":"2018-04-04T05:30:06+00:00","article_modified_time":"2018-04-04T07:42:02+00:00","og_image":[{"width":1200,"height":800,"url":"https:\/\/www.krafthand.de\/truck\/wp-content\/uploads\/2018\/04\/kht0118_061.jpg","type":"image\/jpeg"}],"author":"elisabeth.mair@krafthand.de","twitter_card":"summary_large_image","twitter_misc":{"Verfasst von":"elisabeth.mair@krafthand.de","Gesch\u00e4tzte Lesezeit":"1\u00a0Minute"},"schema":{"@context":"https:\/\/schema.org","@graph":[{"@type":"Article","@id":"https:\/\/www.krafthand.de\/truck\/artikel\/neue-fuehrung-fuer-die-telematik-sparte-23828\/#article","isPartOf":{"@id":"https:\/\/www.krafthand.de\/truck\/artikel\/neue-fuehrung-fuer-die-telematik-sparte-23828\/"},"author":{"name":"elisabeth.mair@krafthand.de","@id":"https:\/\/www.krafthand.de\/truck\/#\/schema\/person\/25290391c443ebfc18583f19f72a0c26"},"headline":"Neue F\u00fchrung f\u00fcr die Telematik-Sparte","datePublished":"2018-04-04T05:30:06+00:00","dateModified":"2018-04-04T07:42:02+00:00","mainEntityOfPage":{"@id":"https:\/\/www.krafthand.de\/truck\/artikel\/neue-fuehrung-fuer-die-telematik-sparte-23828\/"},"wordCount":109,"image":{"@id":"https:\/\/www.krafthand.de\/truck\/artikel\/neue-fuehrung-fuer-die-telematik-sparte-23828\/#primaryimage"},"thumbnailUrl":"https:\/\/static.krafthand-truck.de\/uploads\/2018\/04\/kht0118_061.jpg","keywords":["Marco Reichwein","Schmitz Cargobull","Telematik"],"articleSection":["Nfz-Branche"],"inLanguage":"de"},{"@type":"WebPage","@id":"https:\/\/www.krafthand.de\/truck\/artikel\/neue-fuehrung-fuer-die-telematik-sparte-23828\/","url":"https:\/\/www.krafthand.de\/truck\/artikel\/neue-fuehrung-fuer-die-telematik-sparte-23828\/","name":"Neue F\u00fchrung f\u00fcr die Telematik-Sparte - Krafthand-Truck","isPartOf":{"@id":"https:\/\/www.krafthand.de\/truck\/#website"},"primaryImageOfPage":{"@id":"https:\/\/www.krafthand.de\/truck\/artikel\/neue-fuehrung-fuer-die-telematik-sparte-23828\/#primaryimage"},"image":{"@id":"https:\/\/www.krafthand.de\/truck\/artikel\/neue-fuehrung-fuer-die-telematik-sparte-23828\/#primaryimage"},"thumbnailUrl":"https:\/\/static.krafthand-truck.de\/uploads\/2018\/04\/kht0118_061.jpg","datePublished":"2018-04-04T05:30:06+00:00","dateModified":"2018-04-04T07:42:02+00:00","author":{"@id":"https:\/\/www.krafthand.de\/truck\/#\/schema\/person\/25290391c443ebfc18583f19f72a0c26"},"breadcrumb":{"@id":"https:\/\/www.krafthand.de\/truck\/artikel\/neue-fuehrung-fuer-die-telematik-sparte-23828\/#breadcrumb"},"inLanguage":"de","potentialAction":[{"@type":"ReadAction","target":["https:\/\/www.krafthand.de\/truck\/artikel\/neue-fuehrung-fuer-die-telematik-sparte-23828\/"]}]},{"@type":"ImageObject","inLanguage":"de","@id":"https:\/\/www.krafthand.de\/truck\/artikel\/neue-fuehrung-fuer-die-telematik-sparte-23828\/#primaryimage","url":"https:\/\/static.krafthand-truck.de\/uploads\/2018\/04\/kht0118_061.jpg","contentUrl":"https:\/\/static.krafthand-truck.de\/uploads\/2018\/04\/kht0118_061.jpg","width":1200,"height":800,"caption":"Marco Reichwein Gesch\u00e4ftsf\u00fchrer Schmitz Cargobull Telematics"},{"@type":"BreadcrumbList","@id":"https:\/\/www.krafthand.de\/truck\/artikel\/neue-fuehrung-fuer-die-telematik-sparte-23828\/#breadcrumb","itemListElement":[{"@type":"ListItem","position":1,"name":"Krafthand-Truck","item":"https:\/\/www.krafthand.de\/truck\/"},{"@type":"ListItem","position":2,"name":"Nfz-Branche","item":"https:\/\/www.krafthand.de\/truck\/kategorie\/branche\/"},{"@type":"ListItem","position":3,"name":"Neue F\u00fchrung f\u00fcr die Telematik-Sparte"}]},{"@type":"WebSite","@id":"https:\/\/www.krafthand.de\/truck\/#website","url":"https:\/\/www.krafthand.de\/truck\/","name":"Krafthand-Truck","description":"","potentialAction":[{"@type":"SearchAction","target":{"@type":"EntryPoint","urlTemplate":"https:\/\/www.krafthand.de\/truck\/?s={search_term_string}"},"query-input":{"@type":"PropertyValueSpecification","valueRequired":true,"valueName":"search_term_string"}}],"inLanguage":"de"},{"@type":"Person","@id":"https:\/\/www.krafthand.de\/truck\/#\/schema\/person\/25290391c443ebfc18583f19f72a0c26","name":"elisabeth.mair@krafthand.de","image":{"@type":"ImageObject","inLanguage":"de","@id":"https:\/\/secure.gravatar.com\/avatar\/5f0e25e42e13f6e7631bd6597cd91b90228ead6b823ba81a6c8ee32fe135d72e?s=96&d=mm&r=g","url":"https:\/\/secure.gravatar.com\/avatar\/5f0e25e42e13f6e7631bd6597cd91b90228ead6b823ba81a6c8ee32fe135d72e?s=96&d=mm&r=g","contentUrl":"https:\/\/secure.gravatar.com\/avatar\/5f0e25e42e13f6e7631bd6597cd91b90228ead6b823ba81a6c8ee32fe135d72e?s=96&d=mm&r=g","caption":"elisabeth.mair@krafthand.de"}}]}},"_links":{"self":[{"href":"https:\/\/www.krafthand.de\/truck\/wp-json\/wp\/v2\/posts\/23828","targetHints":{"allow":["GET"]}}],"collection":[{"href":"https:\/\/www.krafthand.de\/truck\/wp-json\/wp\/v2\/posts"}],"about":[{"href":"https:\/\/www.krafthand.de\/truck\/wp-json\/wp\/v2\/types\/post"}],"author":[{"embeddable":true,"href":"https:\/\/www.krafthand.de\/truck\/wp-json\/wp\/v2\/users\/6"}],"replies":[{"embeddable":true,"href":"https:\/\/www.krafthand.de\/truck\/wp-json\/wp\/v2\/comments?post=23828"}],"version-history":[{"count":2,"href":"https:\/\/www.krafthand.de\/truck\/wp-json\/wp\/v2\/posts\/23828\/revisions"}],"predecessor-version":[{"id":23831,"href":"https:\/\/www.krafthand.de\/truck\/wp-json\/wp\/v2\/posts\/23828\/revisions\/23831"}],"wp:featuredmedia":[{"embeddable":true,"href":"https:\/\/www.krafthand.de\/truck\/wp-json\/wp\/v2\/media\/23829"}],"wp:attachment":[{"href":"https:\/\/www.krafthand.de\/truck\/wp-json\/wp\/v2\/media?parent=23828"}],"wp:term":[{"taxonomy":"category","embeddable":true,"href":"https:\/\/www.krafthand.de\/truck\/wp-json\/wp\/v2\/categories?post=23828"},{"taxonomy":"post_tag","embeddable":true,"href":"https:\/\/www.krafthand.de\/truck\/wp-json\/wp\/v2\/tags?post=23828"},{"taxonomy":"settings","embeddable":true,"href":"https:\/\/www.krafthand.de\/truck\/wp-json\/wp\/v2\/settings?post=23828"}],"curies":[{"name":"wp","href":"https:\/\/api.w.org\/{rel}","templated":true}]}}