{"id":23779,"date":"2018-03-16T07:30:14","date_gmt":"2018-03-16T06:30:14","guid":{"rendered":"https:\/\/www.krafthand.de\/truck\/?p=23779"},"modified":"2018-03-19T08:54:05","modified_gmt":"2018-03-19T07:54:05","slug":"klimakompressoren-von-denso-fuer-den-unimog","status":"publish","type":"post","link":"https:\/\/www.krafthand.de\/truck\/artikel\/klimakompressoren-von-denso-fuer-den-unimog-23779\/","title":{"rendered":"Klimakompressoren von Denso f\u00fcr den &#8218;Unimog&#8216;"},"content":{"rendered":"<p>Mit den regelm\u00e4\u00dfigen Sortimentserweiterungen bringt der Klimatechnikspezialist Denso immer wieder auch neue Produkte f\u00fcr \u201aExoten\u2019 auf den Markt. Seit dem letzten Produktupdate gibt es nun auch Klimakompressoren f\u00fcr den \u201aUnimog\u2019 von Mercedes-Benz. Der Kompressor mit dem Produktk\u00fcrzel \u201aDCP17095\u2019 l\u00e4sst sich nach Unternehmensangaben f\u00fcr die Typen \u201aUnimog 4.2 U 300\u2019 (ab BJ 2000), \u201aUnimog 110\u2019 und \u201aUnimog 130\/140\u2019 verwenden. Bei den Ersatz-Verdichtern handelt es sich laut Denso um Neuware, die streng nach OE-Spezifikation hergestellt und mit der richtigen \u00d6lmenge bef\u00fcllt als Komplettsystem ausgeliefert wird.<\/p>\n<p>F\u00fcr das Klimaservicegesch\u00e4ft bietet Denso \u00fcber die Kompressoren hinaus auch Kondensatoren, Filtertrockner, Expansionsventile, Druckschalter, Verdampfer und Innenraumgebl\u00e4se an.<\/p>\n<p><i>Den Beitrag finden Sie auch in der Print-Ausgabe 4\/17 der <a href=\"https:\/\/www.krafthand.de\/truck\/magazin\/\" title=\"Zum Magazin\">Krafthand-Truck<\/a>.<\/i><\/p>","protected":false},"excerpt":{"rendered":"<p>Mit den regelm\u00e4\u00dfigen Sortimentserweiterungen bringt der Klimatechnikspezialist Denso immer wieder auch neue Produkte f\u00fcr \u201aExoten\u2019 auf den Markt. Seit dem letzten Produktupdate gibt es nun auch Klimakompressoren f\u00fcr den \u201aUnimog\u2019 von Mercedes-Benz. Der Kompressor mit dem Produktk\u00fcrzel \u201aDCP17095\u2019 l\u00e4sst sich nach Unternehmensangaben f\u00fcr die Typen \u201aUnimog 4.2 U 300\u2019 (ab BJ 2000), \u201aUnimog 110\u2019 und <span class=\"excerpt-more__dots\">&#8230;<\/span> <a class=\"excerpt-more__link\" href=\"https:\/\/www.krafthand.de\/truck\/artikel\/klimakompressoren-von-denso-fuer-den-unimog-23779\/\" >weiter<\/a><\/p>\n","protected":false},"author":6,"featured_media":23780,"comment_status":"closed","ping_status":"closed","sticky":false,"template":"","format":"standard","meta":{"footnotes":""},"categories":[5],"tags":[3590,3588,2908,3532,3069,3068,3589],"settings":[],"class_list":["post-23779","post","type-post","status-publish","format-standard","has-post-thumbnail","hentry","category-branche","tag-dcp17095","tag-denso","tag-klima","tag-klimakompressoren","tag-systeme","tag-teile","tag-unimog"],"yoast_head":"<!-- This site is optimized with the Yoast SEO plugin v27.3 - https:\/\/yoast.com\/product\/yoast-seo-wordpress\/ -->\n<title>Klimakompressoren von Denso f\u00fcr den &#039;Unimog&#039; - Krafthand-Truck<\/title>\n<meta name=\"robots\" content=\"index, follow, max-snippet:-1, max-image-preview:large, max-video-preview:-1\" \/>\n<link rel=\"canonical\" href=\"https:\/\/www.krafthand.de\/truck\/artikel\/klimakompressoren-von-denso-fuer-den-unimog-23779\/\" \/>\n<meta property=\"og:locale\" content=\"de_DE\" \/>\n<meta property=\"og:type\" content=\"article\" \/>\n<meta property=\"og:title\" content=\"Klimakompressoren von Denso f\u00fcr den &#039;Unimog&#039; - Krafthand-Truck\" \/>\n<meta property=\"og:description\" content=\"Mit den regelm\u00e4\u00dfigen Sortimentserweiterungen bringt der Klimatechnikspezialist Denso immer wieder auch neue Produkte f\u00fcr \u201aExoten\u2019 auf den Markt. Seit dem letzten Produktupdate gibt es nun auch Klimakompressoren f\u00fcr den \u201aUnimog\u2019 von Mercedes-Benz. Der Kompressor mit dem Produktk\u00fcrzel \u201aDCP17095\u2019 l\u00e4sst sich nach Unternehmensangaben f\u00fcr die Typen \u201aUnimog 4.2 U 300\u2019 (ab BJ 2000), \u201aUnimog 110\u2019 und ... weiter\" \/>\n<meta property=\"og:url\" content=\"https:\/\/www.krafthand-truck.de\/artikel\/klimakompressoren-von-denso-fuer-den-unimog-23779\/\" \/>\n<meta property=\"og:site_name\" content=\"Krafthand-Truck\" \/>\n<meta property=\"article:published_time\" content=\"2018-03-16T06:30:14+00:00\" \/>\n<meta property=\"article:modified_time\" content=\"2018-03-19T07:54:05+00:00\" \/>\n<meta property=\"og:image\" content=\"https:\/\/www.krafthand.de\/truck\/wp-content\/uploads\/2018\/03\/kht0417_041.jpg\" \/>\n\t<meta property=\"og:image:width\" content=\"1200\" \/>\n\t<meta property=\"og:image:height\" content=\"800\" \/>\n\t<meta property=\"og:image:type\" content=\"image\/jpeg\" \/>\n<meta name=\"author\" content=\"elisabeth.mair@krafthand.de\" \/>\n<meta name=\"twitter:card\" content=\"summary_large_image\" \/>\n<meta name=\"twitter:label1\" content=\"Verfasst von\" \/>\n\t<meta name=\"twitter:data1\" content=\"elisabeth.mair@krafthand.de\" \/>\n\t<meta name=\"twitter:label2\" content=\"Gesch\u00e4tzte Lesezeit\" \/>\n\t<meta name=\"twitter:data2\" content=\"1\u00a0Minute\" \/>\n<script type=\"application\/ld+json\" class=\"yoast-schema-graph\">{\"@context\":\"https:\\\/\\\/schema.org\",\"@graph\":[{\"@type\":\"Article\",\"@id\":\"https:\\\/\\\/www.krafthand.de\\\/truck\\\/artikel\\\/klimakompressoren-von-denso-fuer-den-unimog-23779\\\/#article\",\"isPartOf\":{\"@id\":\"https:\\\/\\\/www.krafthand.de\\\/truck\\\/artikel\\\/klimakompressoren-von-denso-fuer-den-unimog-23779\\\/\"},\"author\":{\"name\":\"elisabeth.mair@krafthand.de\",\"@id\":\"https:\\\/\\\/www.krafthand.de\\\/truck\\\/#\\\/schema\\\/person\\\/25290391c443ebfc18583f19f72a0c26\"},\"headline\":\"Klimakompressoren von Denso f\u00fcr den &#8218;Unimog&#8216;\",\"datePublished\":\"2018-03-16T06:30:14+00:00\",\"dateModified\":\"2018-03-19T07:54:05+00:00\",\"mainEntityOfPage\":{\"@id\":\"https:\\\/\\\/www.krafthand.de\\\/truck\\\/artikel\\\/klimakompressoren-von-denso-fuer-den-unimog-23779\\\/\"},\"wordCount\":113,\"image\":{\"@id\":\"https:\\\/\\\/www.krafthand.de\\\/truck\\\/artikel\\\/klimakompressoren-von-denso-fuer-den-unimog-23779\\\/#primaryimage\"},\"thumbnailUrl\":\"https:\\\/\\\/static.krafthand-truck.de\\\/uploads\\\/2018\\\/03\\\/kht0417_041.jpg\",\"keywords\":[\"DCP17095\",\"Denso\",\"Klima\",\"Klimakompressoren\",\"Systeme\",\"Teile\",\"Unimog\"],\"articleSection\":[\"Nfz-Branche\"],\"inLanguage\":\"de\"},{\"@type\":\"WebPage\",\"@id\":\"https:\\\/\\\/www.krafthand.de\\\/truck\\\/artikel\\\/klimakompressoren-von-denso-fuer-den-unimog-23779\\\/\",\"url\":\"https:\\\/\\\/www.krafthand.de\\\/truck\\\/artikel\\\/klimakompressoren-von-denso-fuer-den-unimog-23779\\\/\",\"name\":\"Klimakompressoren von Denso f\u00fcr den 'Unimog' - Krafthand-Truck\",\"isPartOf\":{\"@id\":\"https:\\\/\\\/www.krafthand.de\\\/truck\\\/#website\"},\"primaryImageOfPage\":{\"@id\":\"https:\\\/\\\/www.krafthand.de\\\/truck\\\/artikel\\\/klimakompressoren-von-denso-fuer-den-unimog-23779\\\/#primaryimage\"},\"image\":{\"@id\":\"https:\\\/\\\/www.krafthand.de\\\/truck\\\/artikel\\\/klimakompressoren-von-denso-fuer-den-unimog-23779\\\/#primaryimage\"},\"thumbnailUrl\":\"https:\\\/\\\/static.krafthand-truck.de\\\/uploads\\\/2018\\\/03\\\/kht0417_041.jpg\",\"datePublished\":\"2018-03-16T06:30:14+00:00\",\"dateModified\":\"2018-03-19T07:54:05+00:00\",\"author\":{\"@id\":\"https:\\\/\\\/www.krafthand.de\\\/truck\\\/#\\\/schema\\\/person\\\/25290391c443ebfc18583f19f72a0c26\"},\"breadcrumb\":{\"@id\":\"https:\\\/\\\/www.krafthand.de\\\/truck\\\/artikel\\\/klimakompressoren-von-denso-fuer-den-unimog-23779\\\/#breadcrumb\"},\"inLanguage\":\"de\",\"potentialAction\":[{\"@type\":\"ReadAction\",\"target\":[\"https:\\\/\\\/www.krafthand.de\\\/truck\\\/artikel\\\/klimakompressoren-von-denso-fuer-den-unimog-23779\\\/\"]}]},{\"@type\":\"ImageObject\",\"inLanguage\":\"de\",\"@id\":\"https:\\\/\\\/www.krafthand.de\\\/truck\\\/artikel\\\/klimakompressoren-von-denso-fuer-den-unimog-23779\\\/#primaryimage\",\"url\":\"https:\\\/\\\/static.krafthand-truck.de\\\/uploads\\\/2018\\\/03\\\/kht0417_041.jpg\",\"contentUrl\":\"https:\\\/\\\/static.krafthand-truck.de\\\/uploads\\\/2018\\\/03\\\/kht0417_041.jpg\",\"width\":1200,\"height\":800,\"caption\":\"Denso Klimakompressoren f\u00fcr den Unimog von Mercedes Benz\"},{\"@type\":\"BreadcrumbList\",\"@id\":\"https:\\\/\\\/www.krafthand.de\\\/truck\\\/artikel\\\/klimakompressoren-von-denso-fuer-den-unimog-23779\\\/#breadcrumb\",\"itemListElement\":[{\"@type\":\"ListItem\",\"position\":1,\"name\":\"Krafthand-Truck\",\"item\":\"https:\\\/\\\/www.krafthand.de\\\/truck\\\/\"},{\"@type\":\"ListItem\",\"position\":2,\"name\":\"Nfz-Branche\",\"item\":\"https:\\\/\\\/www.krafthand.de\\\/truck\\\/kategorie\\\/branche\\\/\"},{\"@type\":\"ListItem\",\"position\":3,\"name\":\"Klimakompressoren von Denso f\u00fcr den &#8218;Unimog&#8216;\"}]},{\"@type\":\"WebSite\",\"@id\":\"https:\\\/\\\/www.krafthand.de\\\/truck\\\/#website\",\"url\":\"https:\\\/\\\/www.krafthand.de\\\/truck\\\/\",\"name\":\"Krafthand-Truck\",\"description\":\"\",\"potentialAction\":[{\"@type\":\"SearchAction\",\"target\":{\"@type\":\"EntryPoint\",\"urlTemplate\":\"https:\\\/\\\/www.krafthand.de\\\/truck\\\/?s={search_term_string}\"},\"query-input\":{\"@type\":\"PropertyValueSpecification\",\"valueRequired\":true,\"valueName\":\"search_term_string\"}}],\"inLanguage\":\"de\"},{\"@type\":\"Person\",\"@id\":\"https:\\\/\\\/www.krafthand.de\\\/truck\\\/#\\\/schema\\\/person\\\/25290391c443ebfc18583f19f72a0c26\",\"name\":\"elisabeth.mair@krafthand.de\",\"image\":{\"@type\":\"ImageObject\",\"inLanguage\":\"de\",\"@id\":\"https:\\\/\\\/secure.gravatar.com\\\/avatar\\\/5f0e25e42e13f6e7631bd6597cd91b90228ead6b823ba81a6c8ee32fe135d72e?s=96&d=mm&r=g\",\"url\":\"https:\\\/\\\/secure.gravatar.com\\\/avatar\\\/5f0e25e42e13f6e7631bd6597cd91b90228ead6b823ba81a6c8ee32fe135d72e?s=96&d=mm&r=g\",\"contentUrl\":\"https:\\\/\\\/secure.gravatar.com\\\/avatar\\\/5f0e25e42e13f6e7631bd6597cd91b90228ead6b823ba81a6c8ee32fe135d72e?s=96&d=mm&r=g\",\"caption\":\"elisabeth.mair@krafthand.de\"}}]}<\/script>\n<!-- \/ Yoast SEO plugin. -->","yoast_head_json":{"title":"Klimakompressoren von Denso f\u00fcr den 'Unimog' - Krafthand-Truck","robots":{"index":"index","follow":"follow","max-snippet":"max-snippet:-1","max-image-preview":"max-image-preview:large","max-video-preview":"max-video-preview:-1"},"canonical":"https:\/\/www.krafthand.de\/truck\/artikel\/klimakompressoren-von-denso-fuer-den-unimog-23779\/","og_locale":"de_DE","og_type":"article","og_title":"Klimakompressoren von Denso f\u00fcr den 'Unimog' - Krafthand-Truck","og_description":"Mit den regelm\u00e4\u00dfigen Sortimentserweiterungen bringt der Klimatechnikspezialist Denso immer wieder auch neue Produkte f\u00fcr \u201aExoten\u2019 auf den Markt. Seit dem letzten Produktupdate gibt es nun auch Klimakompressoren f\u00fcr den \u201aUnimog\u2019 von Mercedes-Benz. Der Kompressor mit dem Produktk\u00fcrzel \u201aDCP17095\u2019 l\u00e4sst sich nach Unternehmensangaben f\u00fcr die Typen \u201aUnimog 4.2 U 300\u2019 (ab BJ 2000), \u201aUnimog 110\u2019 und ... weiter","og_url":"https:\/\/www.krafthand-truck.de\/artikel\/klimakompressoren-von-denso-fuer-den-unimog-23779\/","og_site_name":"Krafthand-Truck","article_published_time":"2018-03-16T06:30:14+00:00","article_modified_time":"2018-03-19T07:54:05+00:00","og_image":[{"width":1200,"height":800,"url":"https:\/\/www.krafthand.de\/truck\/wp-content\/uploads\/2018\/03\/kht0417_041.jpg","type":"image\/jpeg"}],"author":"elisabeth.mair@krafthand.de","twitter_card":"summary_large_image","twitter_misc":{"Verfasst von":"elisabeth.mair@krafthand.de","Gesch\u00e4tzte Lesezeit":"1\u00a0Minute"},"schema":{"@context":"https:\/\/schema.org","@graph":[{"@type":"Article","@id":"https:\/\/www.krafthand.de\/truck\/artikel\/klimakompressoren-von-denso-fuer-den-unimog-23779\/#article","isPartOf":{"@id":"https:\/\/www.krafthand.de\/truck\/artikel\/klimakompressoren-von-denso-fuer-den-unimog-23779\/"},"author":{"name":"elisabeth.mair@krafthand.de","@id":"https:\/\/www.krafthand.de\/truck\/#\/schema\/person\/25290391c443ebfc18583f19f72a0c26"},"headline":"Klimakompressoren von Denso f\u00fcr den &#8218;Unimog&#8216;","datePublished":"2018-03-16T06:30:14+00:00","dateModified":"2018-03-19T07:54:05+00:00","mainEntityOfPage":{"@id":"https:\/\/www.krafthand.de\/truck\/artikel\/klimakompressoren-von-denso-fuer-den-unimog-23779\/"},"wordCount":113,"image":{"@id":"https:\/\/www.krafthand.de\/truck\/artikel\/klimakompressoren-von-denso-fuer-den-unimog-23779\/#primaryimage"},"thumbnailUrl":"https:\/\/static.krafthand-truck.de\/uploads\/2018\/03\/kht0417_041.jpg","keywords":["DCP17095","Denso","Klima","Klimakompressoren","Systeme","Teile","Unimog"],"articleSection":["Nfz-Branche"],"inLanguage":"de"},{"@type":"WebPage","@id":"https:\/\/www.krafthand.de\/truck\/artikel\/klimakompressoren-von-denso-fuer-den-unimog-23779\/","url":"https:\/\/www.krafthand.de\/truck\/artikel\/klimakompressoren-von-denso-fuer-den-unimog-23779\/","name":"Klimakompressoren von Denso f\u00fcr den 'Unimog' - Krafthand-Truck","isPartOf":{"@id":"https:\/\/www.krafthand.de\/truck\/#website"},"primaryImageOfPage":{"@id":"https:\/\/www.krafthand.de\/truck\/artikel\/klimakompressoren-von-denso-fuer-den-unimog-23779\/#primaryimage"},"image":{"@id":"https:\/\/www.krafthand.de\/truck\/artikel\/klimakompressoren-von-denso-fuer-den-unimog-23779\/#primaryimage"},"thumbnailUrl":"https:\/\/static.krafthand-truck.de\/uploads\/2018\/03\/kht0417_041.jpg","datePublished":"2018-03-16T06:30:14+00:00","dateModified":"2018-03-19T07:54:05+00:00","author":{"@id":"https:\/\/www.krafthand.de\/truck\/#\/schema\/person\/25290391c443ebfc18583f19f72a0c26"},"breadcrumb":{"@id":"https:\/\/www.krafthand.de\/truck\/artikel\/klimakompressoren-von-denso-fuer-den-unimog-23779\/#breadcrumb"},"inLanguage":"de","potentialAction":[{"@type":"ReadAction","target":["https:\/\/www.krafthand.de\/truck\/artikel\/klimakompressoren-von-denso-fuer-den-unimog-23779\/"]}]},{"@type":"ImageObject","inLanguage":"de","@id":"https:\/\/www.krafthand.de\/truck\/artikel\/klimakompressoren-von-denso-fuer-den-unimog-23779\/#primaryimage","url":"https:\/\/static.krafthand-truck.de\/uploads\/2018\/03\/kht0417_041.jpg","contentUrl":"https:\/\/static.krafthand-truck.de\/uploads\/2018\/03\/kht0417_041.jpg","width":1200,"height":800,"caption":"Denso Klimakompressoren f\u00fcr den Unimog von Mercedes Benz"},{"@type":"BreadcrumbList","@id":"https:\/\/www.krafthand.de\/truck\/artikel\/klimakompressoren-von-denso-fuer-den-unimog-23779\/#breadcrumb","itemListElement":[{"@type":"ListItem","position":1,"name":"Krafthand-Truck","item":"https:\/\/www.krafthand.de\/truck\/"},{"@type":"ListItem","position":2,"name":"Nfz-Branche","item":"https:\/\/www.krafthand.de\/truck\/kategorie\/branche\/"},{"@type":"ListItem","position":3,"name":"Klimakompressoren von Denso f\u00fcr den &#8218;Unimog&#8216;"}]},{"@type":"WebSite","@id":"https:\/\/www.krafthand.de\/truck\/#website","url":"https:\/\/www.krafthand.de\/truck\/","name":"Krafthand-Truck","description":"","potentialAction":[{"@type":"SearchAction","target":{"@type":"EntryPoint","urlTemplate":"https:\/\/www.krafthand.de\/truck\/?s={search_term_string}"},"query-input":{"@type":"PropertyValueSpecification","valueRequired":true,"valueName":"search_term_string"}}],"inLanguage":"de"},{"@type":"Person","@id":"https:\/\/www.krafthand.de\/truck\/#\/schema\/person\/25290391c443ebfc18583f19f72a0c26","name":"elisabeth.mair@krafthand.de","image":{"@type":"ImageObject","inLanguage":"de","@id":"https:\/\/secure.gravatar.com\/avatar\/5f0e25e42e13f6e7631bd6597cd91b90228ead6b823ba81a6c8ee32fe135d72e?s=96&d=mm&r=g","url":"https:\/\/secure.gravatar.com\/avatar\/5f0e25e42e13f6e7631bd6597cd91b90228ead6b823ba81a6c8ee32fe135d72e?s=96&d=mm&r=g","contentUrl":"https:\/\/secure.gravatar.com\/avatar\/5f0e25e42e13f6e7631bd6597cd91b90228ead6b823ba81a6c8ee32fe135d72e?s=96&d=mm&r=g","caption":"elisabeth.mair@krafthand.de"}}]}},"_links":{"self":[{"href":"https:\/\/www.krafthand.de\/truck\/wp-json\/wp\/v2\/posts\/23779","targetHints":{"allow":["GET"]}}],"collection":[{"href":"https:\/\/www.krafthand.de\/truck\/wp-json\/wp\/v2\/posts"}],"about":[{"href":"https:\/\/www.krafthand.de\/truck\/wp-json\/wp\/v2\/types\/post"}],"author":[{"embeddable":true,"href":"https:\/\/www.krafthand.de\/truck\/wp-json\/wp\/v2\/users\/6"}],"replies":[{"embeddable":true,"href":"https:\/\/www.krafthand.de\/truck\/wp-json\/wp\/v2\/comments?post=23779"}],"version-history":[{"count":2,"href":"https:\/\/www.krafthand.de\/truck\/wp-json\/wp\/v2\/posts\/23779\/revisions"}],"predecessor-version":[{"id":23782,"href":"https:\/\/www.krafthand.de\/truck\/wp-json\/wp\/v2\/posts\/23779\/revisions\/23782"}],"wp:featuredmedia":[{"embeddable":true,"href":"https:\/\/www.krafthand.de\/truck\/wp-json\/wp\/v2\/media\/23780"}],"wp:attachment":[{"href":"https:\/\/www.krafthand.de\/truck\/wp-json\/wp\/v2\/media?parent=23779"}],"wp:term":[{"taxonomy":"category","embeddable":true,"href":"https:\/\/www.krafthand.de\/truck\/wp-json\/wp\/v2\/categories?post=23779"},{"taxonomy":"post_tag","embeddable":true,"href":"https:\/\/www.krafthand.de\/truck\/wp-json\/wp\/v2\/tags?post=23779"},{"taxonomy":"settings","embeddable":true,"href":"https:\/\/www.krafthand.de\/truck\/wp-json\/wp\/v2\/settings?post=23779"}],"curies":[{"name":"wp","href":"https:\/\/api.w.org\/{rel}","templated":true}]}}