{"id":23733,"date":"2018-03-01T07:30:15","date_gmt":"2018-03-01T06:30:15","guid":{"rendered":"https:\/\/www.krafthand.de\/truck\/?p=23733"},"modified":"2018-02-26T11:25:02","modified_gmt":"2018-02-26T10:25:02","slug":"23733","status":"publish","type":"post","link":"https:\/\/www.krafthand.de\/truck\/artikel\/23733-23733\/","title":{"rendered":"Kurze R\u00fcstzeit mit der Scherenhebeb\u00fchne der Marke Blitz"},"content":{"rendered":"<p class=\"text-colored\"> Als moderne Alternative zur traditionellen Montagegrube werden Scherenhebeb\u00fchnen gehandelt. Mit der \u201aExalift\u2019-Familie der Marke \u201aBlitz\u2019 hat die Br\u00e4unlinger Vehicle Service Group (VSG)ein variantenreiches Sortiment dieser Hebetechnik im Portfolio. Bei den elektro-hydraulischen Modellen \u201aHDSL-20\/25\/35\u2019 \u2013 die Zahl steht f\u00fcr die jeweilige maximale Hubkraft in Tonnen \u2013 handelt es sich nach Unternehmensangaben um robuste Hebeb\u00fchnen, die dem Werkstattfachmann bei vergleichsweise geringen Ausma\u00dfen in angehobenem Zustand eine hohe Bewegungsfreiheit erlauben. <\/p>\n<p>Aufgrund der platzsparenden Anordnung der Hubscheren soll sich der Monteur unter den Auffahrschienen relativ frei bewegen k\u00f6nnen, da es keine st\u00f6renden Scheren, S\u00e4ulen oder Quertr\u00e4ger gibt. Dar\u00fcber hinaus hebt die B\u00fchne den Produktinformationen zufolge \u201eplatzsparend\u201c vertikal, wobei ein elektronisches Gleichlaufsystem die je nach Variante acht bis dreizehn Meter langen Fahrschienen auf ihrem 2.110 Millimeter langen Hubweg \u00fcberwacht.<\/p>\n<p>Laut VSG sind die Hebeb\u00fchnen der \u201aHDSL\u2019-Serie als \u00dcber- oder Unterflurversion erh\u00e4ltlich. Bei bodeneben eingebauten Auffahrschienen sollen sich diese hindernisfrei quer \u00fcberfahren lassen. Zudem gibt es optional einen Bodenausgleich zwischen den Hubscheren, der in angehobenem Zustand einen optimalen Zugang unter die Mitte des Fahrzeugs erm\u00f6glichen soll, etwa um einen Getriebeheber einzusetzen.<\/p>\n<p><i>Den Beitrag finden Sie auch in der Print-Ausgabe 4\/17 der <a href=\"https:\/\/www.krafthand.de\/truck\/magazin\/\" title=\"Zum Magazin\">Krafthand-Truck<\/a>.<\/i><\/p>","protected":false},"excerpt":{"rendered":"<p>Aufgrund der platzsparenden Anordnung der Hubscheren soll sich der Monteur unter den Auffahrschienen relativ frei bewegen k\u00f6nnen, da es keine st\u00f6renden Scheren, S\u00e4ulen oder Quertr\u00e4ger gibt. Dar\u00fcber hinaus hebt die B\u00fchne den Produktinformationen zufolge \u201eplatzsparend\u201c vertikal, wobei ein elektronisches Gleichlaufsystem die je nach Variante acht bis dreizehn Meter langen Fahrschienen auf ihrem 2.110 Millimeter langen <span class=\"excerpt-more__dots\">&#8230;<\/span> <a class=\"excerpt-more__link\" href=\"https:\/\/www.krafthand.de\/truck\/artikel\/23733-23733\/\" >weiter<\/a><\/p>\n","protected":false},"author":6,"featured_media":23734,"comment_status":"closed","ping_status":"closed","sticky":false,"template":"","format":"standard","meta":{"footnotes":""},"categories":[5],"tags":[3573,3574,3571,1605,3572,2267,3569,3570],"settings":[],"class_list":["post-23733","post","type-post","status-publish","format-standard","has-post-thumbnail","hentry","category-branche","tag-blitz","tag-exalift","tag-hdsl-20-25-35","tag-hubkraft","tag-ruestzeit","tag-scherenhebebuehne","tag-vehicle-service-group","tag-vsg"],"yoast_head":"<!-- This site is optimized with the Yoast SEO plugin v27.3 - https:\/\/yoast.com\/product\/yoast-seo-wordpress\/ -->\n<title>Kurze R\u00fcstzeit mit der Scherenhebeb\u00fchne der Marke Blitz - Krafthand-Truck<\/title>\n<meta name=\"robots\" content=\"index, follow, max-snippet:-1, max-image-preview:large, max-video-preview:-1\" \/>\n<link rel=\"canonical\" href=\"https:\/\/www.krafthand.de\/truck\/artikel\/23733-23733\/\" \/>\n<meta property=\"og:locale\" content=\"de_DE\" \/>\n<meta property=\"og:type\" content=\"article\" \/>\n<meta property=\"og:title\" content=\"Kurze R\u00fcstzeit mit der Scherenhebeb\u00fchne der Marke Blitz - Krafthand-Truck\" \/>\n<meta property=\"og:description\" content=\"Aufgrund der platzsparenden Anordnung der Hubscheren soll sich der Monteur unter den Auffahrschienen relativ frei bewegen k\u00f6nnen, da es keine st\u00f6renden Scheren, S\u00e4ulen oder Quertr\u00e4ger gibt. Dar\u00fcber hinaus hebt die B\u00fchne den Produktinformationen zufolge \u201eplatzsparend\u201c vertikal, wobei ein elektronisches Gleichlaufsystem die je nach Variante acht bis dreizehn Meter langen Fahrschienen auf ihrem 2.110 Millimeter langen ... weiter\" \/>\n<meta property=\"og:url\" content=\"https:\/\/www.krafthand-truck.de\/artikel\/23733-23733\/\" \/>\n<meta property=\"og:site_name\" content=\"Krafthand-Truck\" \/>\n<meta property=\"article:published_time\" content=\"2018-03-01T06:30:15+00:00\" \/>\n<meta property=\"og:image\" content=\"https:\/\/www.krafthand.de\/truck\/wp-content\/uploads\/2018\/02\/kht0417_021.jpg\" \/>\n\t<meta property=\"og:image:width\" content=\"1200\" \/>\n\t<meta property=\"og:image:height\" content=\"906\" \/>\n\t<meta property=\"og:image:type\" content=\"image\/jpeg\" \/>\n<meta name=\"author\" content=\"elisabeth.mair@krafthand.de\" \/>\n<meta name=\"twitter:card\" content=\"summary_large_image\" \/>\n<meta name=\"twitter:label1\" content=\"Verfasst von\" \/>\n\t<meta name=\"twitter:data1\" content=\"elisabeth.mair@krafthand.de\" \/>\n\t<meta name=\"twitter:label2\" content=\"Gesch\u00e4tzte Lesezeit\" \/>\n\t<meta name=\"twitter:data2\" content=\"1\u00a0Minute\" \/>\n<script type=\"application\/ld+json\" class=\"yoast-schema-graph\">{\"@context\":\"https:\\\/\\\/schema.org\",\"@graph\":[{\"@type\":\"Article\",\"@id\":\"https:\\\/\\\/www.krafthand.de\\\/truck\\\/artikel\\\/23733-23733\\\/#article\",\"isPartOf\":{\"@id\":\"https:\\\/\\\/www.krafthand.de\\\/truck\\\/artikel\\\/23733-23733\\\/\"},\"author\":{\"name\":\"elisabeth.mair@krafthand.de\",\"@id\":\"https:\\\/\\\/www.krafthand.de\\\/truck\\\/#\\\/schema\\\/person\\\/25290391c443ebfc18583f19f72a0c26\"},\"headline\":\"Kurze R\u00fcstzeit mit der Scherenhebeb\u00fchne der Marke Blitz\",\"datePublished\":\"2018-03-01T06:30:15+00:00\",\"mainEntityOfPage\":{\"@id\":\"https:\\\/\\\/www.krafthand.de\\\/truck\\\/artikel\\\/23733-23733\\\/\"},\"wordCount\":201,\"image\":{\"@id\":\"https:\\\/\\\/www.krafthand.de\\\/truck\\\/artikel\\\/23733-23733\\\/#primaryimage\"},\"thumbnailUrl\":\"https:\\\/\\\/static.krafthand-truck.de\\\/uploads\\\/2018\\\/02\\\/kht0417_021.jpg\",\"keywords\":[\"Blitz\",\"Exalift\",\"HDSL-20\\\/25\\\/35\",\"Hubkraft\",\"R\u00fcstzeit\",\"Scherenhebeb\u00fchne\",\"Vehicle Service Group\",\"VSG\"],\"articleSection\":[\"Nfz-Branche\"],\"inLanguage\":\"de\"},{\"@type\":\"WebPage\",\"@id\":\"https:\\\/\\\/www.krafthand.de\\\/truck\\\/artikel\\\/23733-23733\\\/\",\"url\":\"https:\\\/\\\/www.krafthand.de\\\/truck\\\/artikel\\\/23733-23733\\\/\",\"name\":\"Kurze R\u00fcstzeit mit der Scherenhebeb\u00fchne der Marke Blitz - Krafthand-Truck\",\"isPartOf\":{\"@id\":\"https:\\\/\\\/www.krafthand.de\\\/truck\\\/#website\"},\"primaryImageOfPage\":{\"@id\":\"https:\\\/\\\/www.krafthand.de\\\/truck\\\/artikel\\\/23733-23733\\\/#primaryimage\"},\"image\":{\"@id\":\"https:\\\/\\\/www.krafthand.de\\\/truck\\\/artikel\\\/23733-23733\\\/#primaryimage\"},\"thumbnailUrl\":\"https:\\\/\\\/static.krafthand-truck.de\\\/uploads\\\/2018\\\/02\\\/kht0417_021.jpg\",\"datePublished\":\"2018-03-01T06:30:15+00:00\",\"author\":{\"@id\":\"https:\\\/\\\/www.krafthand.de\\\/truck\\\/#\\\/schema\\\/person\\\/25290391c443ebfc18583f19f72a0c26\"},\"breadcrumb\":{\"@id\":\"https:\\\/\\\/www.krafthand.de\\\/truck\\\/artikel\\\/23733-23733\\\/#breadcrumb\"},\"inLanguage\":\"de\",\"potentialAction\":[{\"@type\":\"ReadAction\",\"target\":[\"https:\\\/\\\/www.krafthand.de\\\/truck\\\/artikel\\\/23733-23733\\\/\"]}]},{\"@type\":\"ImageObject\",\"inLanguage\":\"de\",\"@id\":\"https:\\\/\\\/www.krafthand.de\\\/truck\\\/artikel\\\/23733-23733\\\/#primaryimage\",\"url\":\"https:\\\/\\\/static.krafthand-truck.de\\\/uploads\\\/2018\\\/02\\\/kht0417_021.jpg\",\"contentUrl\":\"https:\\\/\\\/static.krafthand-truck.de\\\/uploads\\\/2018\\\/02\\\/kht0417_021.jpg\",\"width\":1200,\"height\":906,\"caption\":\"Blitz Scherenhebeb\u00fchne HDSL-20\\\/25\\\/35\"},{\"@type\":\"BreadcrumbList\",\"@id\":\"https:\\\/\\\/www.krafthand.de\\\/truck\\\/artikel\\\/23733-23733\\\/#breadcrumb\",\"itemListElement\":[{\"@type\":\"ListItem\",\"position\":1,\"name\":\"Krafthand-Truck\",\"item\":\"https:\\\/\\\/www.krafthand.de\\\/truck\\\/\"},{\"@type\":\"ListItem\",\"position\":2,\"name\":\"Nfz-Branche\",\"item\":\"https:\\\/\\\/www.krafthand.de\\\/truck\\\/kategorie\\\/branche\\\/\"},{\"@type\":\"ListItem\",\"position\":3,\"name\":\"Kurze R\u00fcstzeit mit der Scherenhebeb\u00fchne der Marke Blitz\"}]},{\"@type\":\"WebSite\",\"@id\":\"https:\\\/\\\/www.krafthand.de\\\/truck\\\/#website\",\"url\":\"https:\\\/\\\/www.krafthand.de\\\/truck\\\/\",\"name\":\"Krafthand-Truck\",\"description\":\"\",\"potentialAction\":[{\"@type\":\"SearchAction\",\"target\":{\"@type\":\"EntryPoint\",\"urlTemplate\":\"https:\\\/\\\/www.krafthand.de\\\/truck\\\/?s={search_term_string}\"},\"query-input\":{\"@type\":\"PropertyValueSpecification\",\"valueRequired\":true,\"valueName\":\"search_term_string\"}}],\"inLanguage\":\"de\"},{\"@type\":\"Person\",\"@id\":\"https:\\\/\\\/www.krafthand.de\\\/truck\\\/#\\\/schema\\\/person\\\/25290391c443ebfc18583f19f72a0c26\",\"name\":\"elisabeth.mair@krafthand.de\",\"image\":{\"@type\":\"ImageObject\",\"inLanguage\":\"de\",\"@id\":\"https:\\\/\\\/secure.gravatar.com\\\/avatar\\\/5f0e25e42e13f6e7631bd6597cd91b90228ead6b823ba81a6c8ee32fe135d72e?s=96&d=mm&r=g\",\"url\":\"https:\\\/\\\/secure.gravatar.com\\\/avatar\\\/5f0e25e42e13f6e7631bd6597cd91b90228ead6b823ba81a6c8ee32fe135d72e?s=96&d=mm&r=g\",\"contentUrl\":\"https:\\\/\\\/secure.gravatar.com\\\/avatar\\\/5f0e25e42e13f6e7631bd6597cd91b90228ead6b823ba81a6c8ee32fe135d72e?s=96&d=mm&r=g\",\"caption\":\"elisabeth.mair@krafthand.de\"}}]}<\/script>\n<!-- \/ Yoast SEO plugin. -->","yoast_head_json":{"title":"Kurze R\u00fcstzeit mit der Scherenhebeb\u00fchne der Marke Blitz - Krafthand-Truck","robots":{"index":"index","follow":"follow","max-snippet":"max-snippet:-1","max-image-preview":"max-image-preview:large","max-video-preview":"max-video-preview:-1"},"canonical":"https:\/\/www.krafthand.de\/truck\/artikel\/23733-23733\/","og_locale":"de_DE","og_type":"article","og_title":"Kurze R\u00fcstzeit mit der Scherenhebeb\u00fchne der Marke Blitz - Krafthand-Truck","og_description":"Aufgrund der platzsparenden Anordnung der Hubscheren soll sich der Monteur unter den Auffahrschienen relativ frei bewegen k\u00f6nnen, da es keine st\u00f6renden Scheren, S\u00e4ulen oder Quertr\u00e4ger gibt. Dar\u00fcber hinaus hebt die B\u00fchne den Produktinformationen zufolge \u201eplatzsparend\u201c vertikal, wobei ein elektronisches Gleichlaufsystem die je nach Variante acht bis dreizehn Meter langen Fahrschienen auf ihrem 2.110 Millimeter langen ... weiter","og_url":"https:\/\/www.krafthand-truck.de\/artikel\/23733-23733\/","og_site_name":"Krafthand-Truck","article_published_time":"2018-03-01T06:30:15+00:00","og_image":[{"width":1200,"height":906,"url":"https:\/\/www.krafthand.de\/truck\/wp-content\/uploads\/2018\/02\/kht0417_021.jpg","type":"image\/jpeg"}],"author":"elisabeth.mair@krafthand.de","twitter_card":"summary_large_image","twitter_misc":{"Verfasst von":"elisabeth.mair@krafthand.de","Gesch\u00e4tzte Lesezeit":"1\u00a0Minute"},"schema":{"@context":"https:\/\/schema.org","@graph":[{"@type":"Article","@id":"https:\/\/www.krafthand.de\/truck\/artikel\/23733-23733\/#article","isPartOf":{"@id":"https:\/\/www.krafthand.de\/truck\/artikel\/23733-23733\/"},"author":{"name":"elisabeth.mair@krafthand.de","@id":"https:\/\/www.krafthand.de\/truck\/#\/schema\/person\/25290391c443ebfc18583f19f72a0c26"},"headline":"Kurze R\u00fcstzeit mit der Scherenhebeb\u00fchne der Marke Blitz","datePublished":"2018-03-01T06:30:15+00:00","mainEntityOfPage":{"@id":"https:\/\/www.krafthand.de\/truck\/artikel\/23733-23733\/"},"wordCount":201,"image":{"@id":"https:\/\/www.krafthand.de\/truck\/artikel\/23733-23733\/#primaryimage"},"thumbnailUrl":"https:\/\/static.krafthand-truck.de\/uploads\/2018\/02\/kht0417_021.jpg","keywords":["Blitz","Exalift","HDSL-20\/25\/35","Hubkraft","R\u00fcstzeit","Scherenhebeb\u00fchne","Vehicle Service Group","VSG"],"articleSection":["Nfz-Branche"],"inLanguage":"de"},{"@type":"WebPage","@id":"https:\/\/www.krafthand.de\/truck\/artikel\/23733-23733\/","url":"https:\/\/www.krafthand.de\/truck\/artikel\/23733-23733\/","name":"Kurze R\u00fcstzeit mit der Scherenhebeb\u00fchne der Marke Blitz - Krafthand-Truck","isPartOf":{"@id":"https:\/\/www.krafthand.de\/truck\/#website"},"primaryImageOfPage":{"@id":"https:\/\/www.krafthand.de\/truck\/artikel\/23733-23733\/#primaryimage"},"image":{"@id":"https:\/\/www.krafthand.de\/truck\/artikel\/23733-23733\/#primaryimage"},"thumbnailUrl":"https:\/\/static.krafthand-truck.de\/uploads\/2018\/02\/kht0417_021.jpg","datePublished":"2018-03-01T06:30:15+00:00","author":{"@id":"https:\/\/www.krafthand.de\/truck\/#\/schema\/person\/25290391c443ebfc18583f19f72a0c26"},"breadcrumb":{"@id":"https:\/\/www.krafthand.de\/truck\/artikel\/23733-23733\/#breadcrumb"},"inLanguage":"de","potentialAction":[{"@type":"ReadAction","target":["https:\/\/www.krafthand.de\/truck\/artikel\/23733-23733\/"]}]},{"@type":"ImageObject","inLanguage":"de","@id":"https:\/\/www.krafthand.de\/truck\/artikel\/23733-23733\/#primaryimage","url":"https:\/\/static.krafthand-truck.de\/uploads\/2018\/02\/kht0417_021.jpg","contentUrl":"https:\/\/static.krafthand-truck.de\/uploads\/2018\/02\/kht0417_021.jpg","width":1200,"height":906,"caption":"Blitz Scherenhebeb\u00fchne HDSL-20\/25\/35"},{"@type":"BreadcrumbList","@id":"https:\/\/www.krafthand.de\/truck\/artikel\/23733-23733\/#breadcrumb","itemListElement":[{"@type":"ListItem","position":1,"name":"Krafthand-Truck","item":"https:\/\/www.krafthand.de\/truck\/"},{"@type":"ListItem","position":2,"name":"Nfz-Branche","item":"https:\/\/www.krafthand.de\/truck\/kategorie\/branche\/"},{"@type":"ListItem","position":3,"name":"Kurze R\u00fcstzeit mit der Scherenhebeb\u00fchne der Marke Blitz"}]},{"@type":"WebSite","@id":"https:\/\/www.krafthand.de\/truck\/#website","url":"https:\/\/www.krafthand.de\/truck\/","name":"Krafthand-Truck","description":"","potentialAction":[{"@type":"SearchAction","target":{"@type":"EntryPoint","urlTemplate":"https:\/\/www.krafthand.de\/truck\/?s={search_term_string}"},"query-input":{"@type":"PropertyValueSpecification","valueRequired":true,"valueName":"search_term_string"}}],"inLanguage":"de"},{"@type":"Person","@id":"https:\/\/www.krafthand.de\/truck\/#\/schema\/person\/25290391c443ebfc18583f19f72a0c26","name":"elisabeth.mair@krafthand.de","image":{"@type":"ImageObject","inLanguage":"de","@id":"https:\/\/secure.gravatar.com\/avatar\/5f0e25e42e13f6e7631bd6597cd91b90228ead6b823ba81a6c8ee32fe135d72e?s=96&d=mm&r=g","url":"https:\/\/secure.gravatar.com\/avatar\/5f0e25e42e13f6e7631bd6597cd91b90228ead6b823ba81a6c8ee32fe135d72e?s=96&d=mm&r=g","contentUrl":"https:\/\/secure.gravatar.com\/avatar\/5f0e25e42e13f6e7631bd6597cd91b90228ead6b823ba81a6c8ee32fe135d72e?s=96&d=mm&r=g","caption":"elisabeth.mair@krafthand.de"}}]}},"_links":{"self":[{"href":"https:\/\/www.krafthand.de\/truck\/wp-json\/wp\/v2\/posts\/23733","targetHints":{"allow":["GET"]}}],"collection":[{"href":"https:\/\/www.krafthand.de\/truck\/wp-json\/wp\/v2\/posts"}],"about":[{"href":"https:\/\/www.krafthand.de\/truck\/wp-json\/wp\/v2\/types\/post"}],"author":[{"embeddable":true,"href":"https:\/\/www.krafthand.de\/truck\/wp-json\/wp\/v2\/users\/6"}],"replies":[{"embeddable":true,"href":"https:\/\/www.krafthand.de\/truck\/wp-json\/wp\/v2\/comments?post=23733"}],"version-history":[{"count":2,"href":"https:\/\/www.krafthand.de\/truck\/wp-json\/wp\/v2\/posts\/23733\/revisions"}],"predecessor-version":[{"id":23737,"href":"https:\/\/www.krafthand.de\/truck\/wp-json\/wp\/v2\/posts\/23733\/revisions\/23737"}],"wp:featuredmedia":[{"embeddable":true,"href":"https:\/\/www.krafthand.de\/truck\/wp-json\/wp\/v2\/media\/23734"}],"wp:attachment":[{"href":"https:\/\/www.krafthand.de\/truck\/wp-json\/wp\/v2\/media?parent=23733"}],"wp:term":[{"taxonomy":"category","embeddable":true,"href":"https:\/\/www.krafthand.de\/truck\/wp-json\/wp\/v2\/categories?post=23733"},{"taxonomy":"post_tag","embeddable":true,"href":"https:\/\/www.krafthand.de\/truck\/wp-json\/wp\/v2\/tags?post=23733"},{"taxonomy":"settings","embeddable":true,"href":"https:\/\/www.krafthand.de\/truck\/wp-json\/wp\/v2\/settings?post=23733"}],"curies":[{"name":"wp","href":"https:\/\/api.w.org\/{rel}","templated":true}]}}