{"id":23727,"date":"2018-02-27T07:30:49","date_gmt":"2018-02-27T06:30:49","guid":{"rendered":"https:\/\/www.krafthand.de\/truck\/?p=23727"},"modified":"2018-02-26T11:26:44","modified_gmt":"2018-02-26T10:26:44","slug":"bringt-licht-ins-dunkel-arbeitslampe-pl-051-von-kunzer","status":"publish","type":"post","link":"https:\/\/www.krafthand.de\/truck\/artikel\/bringt-licht-ins-dunkel-arbeitslampe-pl-051-von-kunzer-23727\/","title":{"rendered":"Bringt Licht ins Dunkel: Arbeitslampe &#8218;PL-051&#8216; von Kunzer"},"content":{"rendered":"<p class=\"text-colored\"> LED-Leuchten als Werkstattleuchten haben herk\u00f6mmliche Energiesparlampen l\u00e4ngst verdr\u00e4ngt: Zum einen, weil sie leistungsf\u00e4higer sind deutlich mehr Licht ins Dunkel bringen, zum anderen, weil sie f\u00fcr ihre Lichtleistung sehr kompakt ausfallen. Mit dem Modell \u201aPL-051\u2019 hat Kunzer seit kurzem eine leistungsstarke und wegen des Aluminium-Kunststoff-Geh\u00e4uses handliche Arbeitslampe mit SMD-LED-Technik im Programm. Mit dem magnetischen und um 180 Grad schwenkbaren Halterungshaken soll die Leuchte nahezu an jedem Arbeitsplatz sicheren Halt finden. <\/p>\n<p>Die Lampe verf\u00fcgt \u00fcber zwei Lichtquellen: je nach Bedarf kann der Mechaniker die Dunkelheit mit f\u00fcnf LED gro\u00dffl\u00e4chig ausleuchten oder mit der separaten Kopfleuchte punktgenau ins Dunkel zielen. Als Energielieferant dient ein via Mini-USB-Anschluss aufladbarer Li-Ion-Akku, mit dem die \u201aPL-051\u2019 laut Kunzer bis zu sieben Stunden Licht liefern soll. Vollst\u00e4ndig geladen soll er in maximal vier Stunden sein. Neben einer Ladekontrollanzeige verf\u00fcgt die Lampe \u00fcber einen \u00dcberladeschutz sowie einen Tiefentladeschutz.<\/p>\n<p>&nbsp;<\/p>\n<p><i>Den Beitrag finden Sie auch in der Print-Ausgabe 4\/17 der <a href=\"https:\/\/www.krafthand.de\/truck\/magazin\/\" title=\"Zum Magazin\">Krafthand-Truck<\/a>.<\/i><\/p>","protected":false},"excerpt":{"rendered":"<p>Die Lampe verf\u00fcgt \u00fcber zwei Lichtquellen: je nach Bedarf kann der Mechaniker die Dunkelheit mit f\u00fcnf LED gro\u00dffl\u00e4chig ausleuchten oder mit der separaten Kopfleuchte punktgenau ins Dunkel zielen. Als Energielieferant dient ein via Mini-USB-Anschluss aufladbarer Li-Ion-Akku, mit dem die \u201aPL-051\u2019 laut Kunzer bis zu sieben Stunden Licht liefern soll. Vollst\u00e4ndig geladen soll er in maximal <span class=\"excerpt-more__dots\">&#8230;<\/span> <a class=\"excerpt-more__link\" href=\"https:\/\/www.krafthand.de\/truck\/artikel\/bringt-licht-ins-dunkel-arbeitslampe-pl-051-von-kunzer-23727\/\" >weiter<\/a><\/p>\n","protected":false},"author":6,"featured_media":23729,"comment_status":"closed","ping_status":"closed","sticky":false,"template":"","format":"standard","meta":{"footnotes":""},"categories":[5],"tags":[3566,1365,3567,3565,3568],"settings":[],"class_list":["post-23727","post","type-post","status-publish","format-standard","has-post-thumbnail","hentry","category-branche","tag-arbeitslampe","tag-kunzer","tag-lichtquelle","tag-pl-051","tag-smd-led-technik"],"yoast_head":"<!-- This site is optimized with the Yoast SEO plugin v27.3 - https:\/\/yoast.com\/product\/yoast-seo-wordpress\/ -->\n<title>Bringt Licht ins Dunkel: Arbeitslampe &#039;PL-051&#039; von Kunzer - Krafthand-Truck<\/title>\n<meta name=\"robots\" content=\"index, follow, max-snippet:-1, max-image-preview:large, max-video-preview:-1\" \/>\n<link rel=\"canonical\" href=\"https:\/\/www.krafthand.de\/truck\/artikel\/bringt-licht-ins-dunkel-arbeitslampe-pl-051-von-kunzer-23727\/\" \/>\n<meta property=\"og:locale\" content=\"de_DE\" \/>\n<meta property=\"og:type\" content=\"article\" \/>\n<meta property=\"og:title\" content=\"Bringt Licht ins Dunkel: Arbeitslampe &#039;PL-051&#039; von Kunzer - Krafthand-Truck\" \/>\n<meta property=\"og:description\" content=\"Die Lampe verf\u00fcgt \u00fcber zwei Lichtquellen: je nach Bedarf kann der Mechaniker die Dunkelheit mit f\u00fcnf LED gro\u00dffl\u00e4chig ausleuchten oder mit der separaten Kopfleuchte punktgenau ins Dunkel zielen. Als Energielieferant dient ein via Mini-USB-Anschluss aufladbarer Li-Ion-Akku, mit dem die \u201aPL-051\u2019 laut Kunzer bis zu sieben Stunden Licht liefern soll. Vollst\u00e4ndig geladen soll er in maximal ... weiter\" \/>\n<meta property=\"og:url\" content=\"https:\/\/www.krafthand-truck.de\/artikel\/bringt-licht-ins-dunkel-arbeitslampe-pl-051-von-kunzer-23727\/\" \/>\n<meta property=\"og:site_name\" content=\"Krafthand-Truck\" \/>\n<meta property=\"article:published_time\" content=\"2018-02-27T06:30:49+00:00\" \/>\n<meta property=\"og:image\" content=\"https:\/\/www.krafthand.de\/truck\/wp-content\/uploads\/2018\/02\/kht0417_035.jpg\" \/>\n\t<meta property=\"og:image:width\" content=\"862\" \/>\n\t<meta property=\"og:image:height\" content=\"1200\" \/>\n\t<meta property=\"og:image:type\" content=\"image\/jpeg\" \/>\n<meta name=\"author\" content=\"elisabeth.mair@krafthand.de\" \/>\n<meta name=\"twitter:card\" content=\"summary_large_image\" \/>\n<meta name=\"twitter:label1\" content=\"Verfasst von\" \/>\n\t<meta name=\"twitter:data1\" content=\"elisabeth.mair@krafthand.de\" \/>\n\t<meta name=\"twitter:label2\" content=\"Gesch\u00e4tzte Lesezeit\" \/>\n\t<meta name=\"twitter:data2\" content=\"1\u00a0Minute\" \/>\n<script type=\"application\/ld+json\" class=\"yoast-schema-graph\">{\"@context\":\"https:\\\/\\\/schema.org\",\"@graph\":[{\"@type\":\"Article\",\"@id\":\"https:\\\/\\\/www.krafthand.de\\\/truck\\\/artikel\\\/bringt-licht-ins-dunkel-arbeitslampe-pl-051-von-kunzer-23727\\\/#article\",\"isPartOf\":{\"@id\":\"https:\\\/\\\/www.krafthand.de\\\/truck\\\/artikel\\\/bringt-licht-ins-dunkel-arbeitslampe-pl-051-von-kunzer-23727\\\/\"},\"author\":{\"name\":\"elisabeth.mair@krafthand.de\",\"@id\":\"https:\\\/\\\/www.krafthand.de\\\/truck\\\/#\\\/schema\\\/person\\\/25290391c443ebfc18583f19f72a0c26\"},\"headline\":\"Bringt Licht ins Dunkel: Arbeitslampe &#8218;PL-051&#8216; von Kunzer\",\"datePublished\":\"2018-02-27T06:30:49+00:00\",\"mainEntityOfPage\":{\"@id\":\"https:\\\/\\\/www.krafthand.de\\\/truck\\\/artikel\\\/bringt-licht-ins-dunkel-arbeitslampe-pl-051-von-kunzer-23727\\\/\"},\"wordCount\":161,\"image\":{\"@id\":\"https:\\\/\\\/www.krafthand.de\\\/truck\\\/artikel\\\/bringt-licht-ins-dunkel-arbeitslampe-pl-051-von-kunzer-23727\\\/#primaryimage\"},\"thumbnailUrl\":\"https:\\\/\\\/static.krafthand-truck.de\\\/uploads\\\/2018\\\/02\\\/kht0417_035.jpg\",\"keywords\":[\"Arbeitslampe\",\"Kunzer\",\"Lichtquelle\",\"PL-051\",\"SMD-LED-Technik\"],\"articleSection\":[\"Nfz-Branche\"],\"inLanguage\":\"de\"},{\"@type\":\"WebPage\",\"@id\":\"https:\\\/\\\/www.krafthand.de\\\/truck\\\/artikel\\\/bringt-licht-ins-dunkel-arbeitslampe-pl-051-von-kunzer-23727\\\/\",\"url\":\"https:\\\/\\\/www.krafthand.de\\\/truck\\\/artikel\\\/bringt-licht-ins-dunkel-arbeitslampe-pl-051-von-kunzer-23727\\\/\",\"name\":\"Bringt Licht ins Dunkel: Arbeitslampe 'PL-051' von Kunzer - Krafthand-Truck\",\"isPartOf\":{\"@id\":\"https:\\\/\\\/www.krafthand.de\\\/truck\\\/#website\"},\"primaryImageOfPage\":{\"@id\":\"https:\\\/\\\/www.krafthand.de\\\/truck\\\/artikel\\\/bringt-licht-ins-dunkel-arbeitslampe-pl-051-von-kunzer-23727\\\/#primaryimage\"},\"image\":{\"@id\":\"https:\\\/\\\/www.krafthand.de\\\/truck\\\/artikel\\\/bringt-licht-ins-dunkel-arbeitslampe-pl-051-von-kunzer-23727\\\/#primaryimage\"},\"thumbnailUrl\":\"https:\\\/\\\/static.krafthand-truck.de\\\/uploads\\\/2018\\\/02\\\/kht0417_035.jpg\",\"datePublished\":\"2018-02-27T06:30:49+00:00\",\"author\":{\"@id\":\"https:\\\/\\\/www.krafthand.de\\\/truck\\\/#\\\/schema\\\/person\\\/25290391c443ebfc18583f19f72a0c26\"},\"breadcrumb\":{\"@id\":\"https:\\\/\\\/www.krafthand.de\\\/truck\\\/artikel\\\/bringt-licht-ins-dunkel-arbeitslampe-pl-051-von-kunzer-23727\\\/#breadcrumb\"},\"inLanguage\":\"de\",\"potentialAction\":[{\"@type\":\"ReadAction\",\"target\":[\"https:\\\/\\\/www.krafthand.de\\\/truck\\\/artikel\\\/bringt-licht-ins-dunkel-arbeitslampe-pl-051-von-kunzer-23727\\\/\"]}]},{\"@type\":\"ImageObject\",\"inLanguage\":\"de\",\"@id\":\"https:\\\/\\\/www.krafthand.de\\\/truck\\\/artikel\\\/bringt-licht-ins-dunkel-arbeitslampe-pl-051-von-kunzer-23727\\\/#primaryimage\",\"url\":\"https:\\\/\\\/static.krafthand-truck.de\\\/uploads\\\/2018\\\/02\\\/kht0417_035.jpg\",\"contentUrl\":\"https:\\\/\\\/static.krafthand-truck.de\\\/uploads\\\/2018\\\/02\\\/kht0417_035.jpg\",\"width\":862,\"height\":1200,\"caption\":\"Arbeitslampe L-051 von Kunzer\"},{\"@type\":\"BreadcrumbList\",\"@id\":\"https:\\\/\\\/www.krafthand.de\\\/truck\\\/artikel\\\/bringt-licht-ins-dunkel-arbeitslampe-pl-051-von-kunzer-23727\\\/#breadcrumb\",\"itemListElement\":[{\"@type\":\"ListItem\",\"position\":1,\"name\":\"Krafthand-Truck\",\"item\":\"https:\\\/\\\/www.krafthand.de\\\/truck\\\/\"},{\"@type\":\"ListItem\",\"position\":2,\"name\":\"Nfz-Branche\",\"item\":\"https:\\\/\\\/www.krafthand.de\\\/truck\\\/kategorie\\\/branche\\\/\"},{\"@type\":\"ListItem\",\"position\":3,\"name\":\"Bringt Licht ins Dunkel: Arbeitslampe &#8218;PL-051&#8216; von Kunzer\"}]},{\"@type\":\"WebSite\",\"@id\":\"https:\\\/\\\/www.krafthand.de\\\/truck\\\/#website\",\"url\":\"https:\\\/\\\/www.krafthand.de\\\/truck\\\/\",\"name\":\"Krafthand-Truck\",\"description\":\"\",\"potentialAction\":[{\"@type\":\"SearchAction\",\"target\":{\"@type\":\"EntryPoint\",\"urlTemplate\":\"https:\\\/\\\/www.krafthand.de\\\/truck\\\/?s={search_term_string}\"},\"query-input\":{\"@type\":\"PropertyValueSpecification\",\"valueRequired\":true,\"valueName\":\"search_term_string\"}}],\"inLanguage\":\"de\"},{\"@type\":\"Person\",\"@id\":\"https:\\\/\\\/www.krafthand.de\\\/truck\\\/#\\\/schema\\\/person\\\/25290391c443ebfc18583f19f72a0c26\",\"name\":\"elisabeth.mair@krafthand.de\",\"image\":{\"@type\":\"ImageObject\",\"inLanguage\":\"de\",\"@id\":\"https:\\\/\\\/secure.gravatar.com\\\/avatar\\\/5f0e25e42e13f6e7631bd6597cd91b90228ead6b823ba81a6c8ee32fe135d72e?s=96&d=mm&r=g\",\"url\":\"https:\\\/\\\/secure.gravatar.com\\\/avatar\\\/5f0e25e42e13f6e7631bd6597cd91b90228ead6b823ba81a6c8ee32fe135d72e?s=96&d=mm&r=g\",\"contentUrl\":\"https:\\\/\\\/secure.gravatar.com\\\/avatar\\\/5f0e25e42e13f6e7631bd6597cd91b90228ead6b823ba81a6c8ee32fe135d72e?s=96&d=mm&r=g\",\"caption\":\"elisabeth.mair@krafthand.de\"}}]}<\/script>\n<!-- \/ Yoast SEO plugin. -->","yoast_head_json":{"title":"Bringt Licht ins Dunkel: Arbeitslampe 'PL-051' von Kunzer - Krafthand-Truck","robots":{"index":"index","follow":"follow","max-snippet":"max-snippet:-1","max-image-preview":"max-image-preview:large","max-video-preview":"max-video-preview:-1"},"canonical":"https:\/\/www.krafthand.de\/truck\/artikel\/bringt-licht-ins-dunkel-arbeitslampe-pl-051-von-kunzer-23727\/","og_locale":"de_DE","og_type":"article","og_title":"Bringt Licht ins Dunkel: Arbeitslampe 'PL-051' von Kunzer - Krafthand-Truck","og_description":"Die Lampe verf\u00fcgt \u00fcber zwei Lichtquellen: je nach Bedarf kann der Mechaniker die Dunkelheit mit f\u00fcnf LED gro\u00dffl\u00e4chig ausleuchten oder mit der separaten Kopfleuchte punktgenau ins Dunkel zielen. Als Energielieferant dient ein via Mini-USB-Anschluss aufladbarer Li-Ion-Akku, mit dem die \u201aPL-051\u2019 laut Kunzer bis zu sieben Stunden Licht liefern soll. Vollst\u00e4ndig geladen soll er in maximal ... weiter","og_url":"https:\/\/www.krafthand-truck.de\/artikel\/bringt-licht-ins-dunkel-arbeitslampe-pl-051-von-kunzer-23727\/","og_site_name":"Krafthand-Truck","article_published_time":"2018-02-27T06:30:49+00:00","og_image":[{"width":862,"height":1200,"url":"https:\/\/www.krafthand.de\/truck\/wp-content\/uploads\/2018\/02\/kht0417_035.jpg","type":"image\/jpeg"}],"author":"elisabeth.mair@krafthand.de","twitter_card":"summary_large_image","twitter_misc":{"Verfasst von":"elisabeth.mair@krafthand.de","Gesch\u00e4tzte Lesezeit":"1\u00a0Minute"},"schema":{"@context":"https:\/\/schema.org","@graph":[{"@type":"Article","@id":"https:\/\/www.krafthand.de\/truck\/artikel\/bringt-licht-ins-dunkel-arbeitslampe-pl-051-von-kunzer-23727\/#article","isPartOf":{"@id":"https:\/\/www.krafthand.de\/truck\/artikel\/bringt-licht-ins-dunkel-arbeitslampe-pl-051-von-kunzer-23727\/"},"author":{"name":"elisabeth.mair@krafthand.de","@id":"https:\/\/www.krafthand.de\/truck\/#\/schema\/person\/25290391c443ebfc18583f19f72a0c26"},"headline":"Bringt Licht ins Dunkel: Arbeitslampe &#8218;PL-051&#8216; von Kunzer","datePublished":"2018-02-27T06:30:49+00:00","mainEntityOfPage":{"@id":"https:\/\/www.krafthand.de\/truck\/artikel\/bringt-licht-ins-dunkel-arbeitslampe-pl-051-von-kunzer-23727\/"},"wordCount":161,"image":{"@id":"https:\/\/www.krafthand.de\/truck\/artikel\/bringt-licht-ins-dunkel-arbeitslampe-pl-051-von-kunzer-23727\/#primaryimage"},"thumbnailUrl":"https:\/\/static.krafthand-truck.de\/uploads\/2018\/02\/kht0417_035.jpg","keywords":["Arbeitslampe","Kunzer","Lichtquelle","PL-051","SMD-LED-Technik"],"articleSection":["Nfz-Branche"],"inLanguage":"de"},{"@type":"WebPage","@id":"https:\/\/www.krafthand.de\/truck\/artikel\/bringt-licht-ins-dunkel-arbeitslampe-pl-051-von-kunzer-23727\/","url":"https:\/\/www.krafthand.de\/truck\/artikel\/bringt-licht-ins-dunkel-arbeitslampe-pl-051-von-kunzer-23727\/","name":"Bringt Licht ins Dunkel: Arbeitslampe 'PL-051' von Kunzer - Krafthand-Truck","isPartOf":{"@id":"https:\/\/www.krafthand.de\/truck\/#website"},"primaryImageOfPage":{"@id":"https:\/\/www.krafthand.de\/truck\/artikel\/bringt-licht-ins-dunkel-arbeitslampe-pl-051-von-kunzer-23727\/#primaryimage"},"image":{"@id":"https:\/\/www.krafthand.de\/truck\/artikel\/bringt-licht-ins-dunkel-arbeitslampe-pl-051-von-kunzer-23727\/#primaryimage"},"thumbnailUrl":"https:\/\/static.krafthand-truck.de\/uploads\/2018\/02\/kht0417_035.jpg","datePublished":"2018-02-27T06:30:49+00:00","author":{"@id":"https:\/\/www.krafthand.de\/truck\/#\/schema\/person\/25290391c443ebfc18583f19f72a0c26"},"breadcrumb":{"@id":"https:\/\/www.krafthand.de\/truck\/artikel\/bringt-licht-ins-dunkel-arbeitslampe-pl-051-von-kunzer-23727\/#breadcrumb"},"inLanguage":"de","potentialAction":[{"@type":"ReadAction","target":["https:\/\/www.krafthand.de\/truck\/artikel\/bringt-licht-ins-dunkel-arbeitslampe-pl-051-von-kunzer-23727\/"]}]},{"@type":"ImageObject","inLanguage":"de","@id":"https:\/\/www.krafthand.de\/truck\/artikel\/bringt-licht-ins-dunkel-arbeitslampe-pl-051-von-kunzer-23727\/#primaryimage","url":"https:\/\/static.krafthand-truck.de\/uploads\/2018\/02\/kht0417_035.jpg","contentUrl":"https:\/\/static.krafthand-truck.de\/uploads\/2018\/02\/kht0417_035.jpg","width":862,"height":1200,"caption":"Arbeitslampe L-051 von Kunzer"},{"@type":"BreadcrumbList","@id":"https:\/\/www.krafthand.de\/truck\/artikel\/bringt-licht-ins-dunkel-arbeitslampe-pl-051-von-kunzer-23727\/#breadcrumb","itemListElement":[{"@type":"ListItem","position":1,"name":"Krafthand-Truck","item":"https:\/\/www.krafthand.de\/truck\/"},{"@type":"ListItem","position":2,"name":"Nfz-Branche","item":"https:\/\/www.krafthand.de\/truck\/kategorie\/branche\/"},{"@type":"ListItem","position":3,"name":"Bringt Licht ins Dunkel: Arbeitslampe &#8218;PL-051&#8216; von Kunzer"}]},{"@type":"WebSite","@id":"https:\/\/www.krafthand.de\/truck\/#website","url":"https:\/\/www.krafthand.de\/truck\/","name":"Krafthand-Truck","description":"","potentialAction":[{"@type":"SearchAction","target":{"@type":"EntryPoint","urlTemplate":"https:\/\/www.krafthand.de\/truck\/?s={search_term_string}"},"query-input":{"@type":"PropertyValueSpecification","valueRequired":true,"valueName":"search_term_string"}}],"inLanguage":"de"},{"@type":"Person","@id":"https:\/\/www.krafthand.de\/truck\/#\/schema\/person\/25290391c443ebfc18583f19f72a0c26","name":"elisabeth.mair@krafthand.de","image":{"@type":"ImageObject","inLanguage":"de","@id":"https:\/\/secure.gravatar.com\/avatar\/5f0e25e42e13f6e7631bd6597cd91b90228ead6b823ba81a6c8ee32fe135d72e?s=96&d=mm&r=g","url":"https:\/\/secure.gravatar.com\/avatar\/5f0e25e42e13f6e7631bd6597cd91b90228ead6b823ba81a6c8ee32fe135d72e?s=96&d=mm&r=g","contentUrl":"https:\/\/secure.gravatar.com\/avatar\/5f0e25e42e13f6e7631bd6597cd91b90228ead6b823ba81a6c8ee32fe135d72e?s=96&d=mm&r=g","caption":"elisabeth.mair@krafthand.de"}}]}},"_links":{"self":[{"href":"https:\/\/www.krafthand.de\/truck\/wp-json\/wp\/v2\/posts\/23727","targetHints":{"allow":["GET"]}}],"collection":[{"href":"https:\/\/www.krafthand.de\/truck\/wp-json\/wp\/v2\/posts"}],"about":[{"href":"https:\/\/www.krafthand.de\/truck\/wp-json\/wp\/v2\/types\/post"}],"author":[{"embeddable":true,"href":"https:\/\/www.krafthand.de\/truck\/wp-json\/wp\/v2\/users\/6"}],"replies":[{"embeddable":true,"href":"https:\/\/www.krafthand.de\/truck\/wp-json\/wp\/v2\/comments?post=23727"}],"version-history":[{"count":3,"href":"https:\/\/www.krafthand.de\/truck\/wp-json\/wp\/v2\/posts\/23727\/revisions"}],"predecessor-version":[{"id":23732,"href":"https:\/\/www.krafthand.de\/truck\/wp-json\/wp\/v2\/posts\/23727\/revisions\/23732"}],"wp:featuredmedia":[{"embeddable":true,"href":"https:\/\/www.krafthand.de\/truck\/wp-json\/wp\/v2\/media\/23729"}],"wp:attachment":[{"href":"https:\/\/www.krafthand.de\/truck\/wp-json\/wp\/v2\/media?parent=23727"}],"wp:term":[{"taxonomy":"category","embeddable":true,"href":"https:\/\/www.krafthand.de\/truck\/wp-json\/wp\/v2\/categories?post=23727"},{"taxonomy":"post_tag","embeddable":true,"href":"https:\/\/www.krafthand.de\/truck\/wp-json\/wp\/v2\/tags?post=23727"},{"taxonomy":"settings","embeddable":true,"href":"https:\/\/www.krafthand.de\/truck\/wp-json\/wp\/v2\/settings?post=23727"}],"curies":[{"name":"wp","href":"https:\/\/api.w.org\/{rel}","templated":true}]}}