{"id":23695,"date":"2018-02-15T07:30:06","date_gmt":"2018-02-15T06:30:06","guid":{"rendered":"https:\/\/www.krafthand.de\/truck\/?p=23695"},"modified":"2018-02-13T15:26:45","modified_gmt":"2018-02-13T14:26:45","slug":"umweltgrube-des-fertigteil-grubenspezialisten-balzer","status":"publish","type":"post","link":"https:\/\/www.krafthand.de\/truck\/artikel\/umweltgrube-des-fertigteil-grubenspezialisten-balzer-23695\/","title":{"rendered":"Die &#8218;Umweltgrube&#8216; des Fertigteil-Grubenspezialisten Balzer"},"content":{"rendered":"<p class=\"text-colored\"> Als \u201aUmweltgrube\u2019 bezeichnet der schw\u00e4bische Fertigteil-Grubenspezialist Balzereine spezielle Variante seiner doppelwandig ausgef\u00fchrten Montagegruben. Da diese nach eigenem Bekunden sowohl einen Prim\u00e4r- als auch einen Sekund\u00e4rschutz bietet, soll sich diese insbesondere dort einsetzen lassen, wo besonders strenge Umweltschutz-Vorschriften gelten. Zudem soll sich mit der \u201aUmweltgrube\u2019 nach Unternehmensangaben eine \u201aabwasserfreie Werkstatt\u2019 verwirklichen lassen. <\/p>\n<p>Laut Balzer kann die Grube s\u00e4mtliche Medien aufnehmen, die ein dar\u00fcberstehendes Fahrzeug \u201aabsondert\u2019. Durch ein ausgekl\u00fcgeltes Endsystem sollen sich diese dann nachweisbar entsorgen lassen. M\u00f6glich ist dies unter anderem aufgrund des im\u00a0 Vergleich zu herk\u00f6mmlich gebauten Gruben verbreiterten Grubenkopfes und den seitlichen, \u00fcberfahrbaren Bodenrosten mit darunterliegendem\u00a0 Abwasserentsorgungssystem. Dadurch sei gew\u00e4hrleistet, dass das Fahrzeug in seiner gesamten L\u00e4nge und Breite aufgenommen wird und abtropfende Medien im\u00a0 Entsorgungssystem der umweltfreundlichen Montagegrube landen. Durch dieses Konzept wurde erreicht, dass nachweisbar ein kompletter, vollst\u00e4ndiger Medienablauf in allen Ebenen gew\u00e4hrleistet ist, erkl\u00e4rt der Hersteller. Demnach erf\u00fcllt die \u201aUmweltgrube\u2019 alle gesetzlichen Vorschriften und Regelwerken, unter anderem gem\u00e4\u00df BGR 157, WHG \u00a7 62, UVV VbF, Betr. Si. V., SLW 60 und TRwS 786 et cetera.<\/p>\n<p><i>Den Beitrag finden Sie auch in der Print-Ausgabe 04\/17 der <a href=\"https:\/\/www.krafthand.de\/truck\/magazin\/\" title=\"Zum Magazin\">Krafthand-Truck<\/a>.<\/i><\/p>","protected":false},"excerpt":{"rendered":"<p>Laut Balzer kann die Grube s\u00e4mtliche Medien aufnehmen, die ein dar\u00fcberstehendes Fahrzeug \u201aabsondert\u2019. Durch ein ausgekl\u00fcgeltes Endsystem sollen sich diese dann nachweisbar entsorgen lassen. M\u00f6glich ist dies unter anderem aufgrund des im\u00a0 Vergleich zu herk\u00f6mmlich gebauten Gruben verbreiterten Grubenkopfes und den seitlichen, \u00fcberfahrbaren Bodenrosten mit darunterliegendem\u00a0 Abwasserentsorgungssystem. Dadurch sei gew\u00e4hrleistet, dass das Fahrzeug in seiner <span class=\"excerpt-more__dots\">&#8230;<\/span> <a class=\"excerpt-more__link\" href=\"https:\/\/www.krafthand.de\/truck\/artikel\/umweltgrube-des-fertigteil-grubenspezialisten-balzer-23695\/\" >weiter<\/a><\/p>\n","protected":false},"author":6,"featured_media":23696,"comment_status":"closed","ping_status":"closed","sticky":false,"template":"","format":"standard","meta":{"footnotes":""},"categories":[5],"tags":[1969,1624,3555,3556,1358],"settings":[],"class_list":["post-23695","post","type-post","status-publish","format-standard","has-post-thumbnail","hentry","category-branche","tag-balzer","tag-equipment","tag-fertigteil-montagegrube","tag-fuellkammerbauweise","tag-hebetechnik"],"yoast_head":"<!-- This site is optimized with the Yoast SEO plugin v27.3 - https:\/\/yoast.com\/product\/yoast-seo-wordpress\/ -->\n<title>Die &#039;Umweltgrube&#039; des Fertigteil-Grubenspezialisten Balzer - Krafthand-Truck<\/title>\n<meta name=\"robots\" content=\"index, follow, max-snippet:-1, max-image-preview:large, max-video-preview:-1\" \/>\n<link rel=\"canonical\" href=\"https:\/\/www.krafthand.de\/truck\/artikel\/umweltgrube-des-fertigteil-grubenspezialisten-balzer-23695\/\" \/>\n<meta property=\"og:locale\" content=\"de_DE\" \/>\n<meta property=\"og:type\" content=\"article\" \/>\n<meta property=\"og:title\" content=\"Die &#039;Umweltgrube&#039; des Fertigteil-Grubenspezialisten Balzer - Krafthand-Truck\" \/>\n<meta property=\"og:description\" content=\"Laut Balzer kann die Grube s\u00e4mtliche Medien aufnehmen, die ein dar\u00fcberstehendes Fahrzeug \u201aabsondert\u2019. Durch ein ausgekl\u00fcgeltes Endsystem sollen sich diese dann nachweisbar entsorgen lassen. M\u00f6glich ist dies unter anderem aufgrund des im\u00a0 Vergleich zu herk\u00f6mmlich gebauten Gruben verbreiterten Grubenkopfes und den seitlichen, \u00fcberfahrbaren Bodenrosten mit darunterliegendem\u00a0 Abwasserentsorgungssystem. Dadurch sei gew\u00e4hrleistet, dass das Fahrzeug in seiner ... weiter\" \/>\n<meta property=\"og:url\" content=\"https:\/\/www.krafthand-truck.de\/artikel\/umweltgrube-des-fertigteil-grubenspezialisten-balzer-23695\/\" \/>\n<meta property=\"og:site_name\" content=\"Krafthand-Truck\" \/>\n<meta property=\"article:published_time\" content=\"2018-02-15T06:30:06+00:00\" \/>\n<meta property=\"og:image\" content=\"https:\/\/www.krafthand.de\/truck\/wp-content\/uploads\/2018\/02\/kht0417_015.jpg\" \/>\n\t<meta property=\"og:image:width\" content=\"1200\" \/>\n\t<meta property=\"og:image:height\" content=\"800\" \/>\n\t<meta property=\"og:image:type\" content=\"image\/jpeg\" \/>\n<meta name=\"author\" content=\"elisabeth.mair@krafthand.de\" \/>\n<meta name=\"twitter:card\" content=\"summary_large_image\" \/>\n<meta name=\"twitter:label1\" content=\"Verfasst von\" \/>\n\t<meta name=\"twitter:data1\" content=\"elisabeth.mair@krafthand.de\" \/>\n\t<meta name=\"twitter:label2\" content=\"Gesch\u00e4tzte Lesezeit\" \/>\n\t<meta name=\"twitter:data2\" content=\"1\u00a0Minute\" \/>\n<script type=\"application\/ld+json\" class=\"yoast-schema-graph\">{\"@context\":\"https:\\\/\\\/schema.org\",\"@graph\":[{\"@type\":\"Article\",\"@id\":\"https:\\\/\\\/www.krafthand.de\\\/truck\\\/artikel\\\/umweltgrube-des-fertigteil-grubenspezialisten-balzer-23695\\\/#article\",\"isPartOf\":{\"@id\":\"https:\\\/\\\/www.krafthand.de\\\/truck\\\/artikel\\\/umweltgrube-des-fertigteil-grubenspezialisten-balzer-23695\\\/\"},\"author\":{\"name\":\"elisabeth.mair@krafthand.de\",\"@id\":\"https:\\\/\\\/www.krafthand.de\\\/truck\\\/#\\\/schema\\\/person\\\/25290391c443ebfc18583f19f72a0c26\"},\"headline\":\"Die &#8218;Umweltgrube&#8216; des Fertigteil-Grubenspezialisten Balzer\",\"datePublished\":\"2018-02-15T06:30:06+00:00\",\"mainEntityOfPage\":{\"@id\":\"https:\\\/\\\/www.krafthand.de\\\/truck\\\/artikel\\\/umweltgrube-des-fertigteil-grubenspezialisten-balzer-23695\\\/\"},\"wordCount\":186,\"image\":{\"@id\":\"https:\\\/\\\/www.krafthand.de\\\/truck\\\/artikel\\\/umweltgrube-des-fertigteil-grubenspezialisten-balzer-23695\\\/#primaryimage\"},\"thumbnailUrl\":\"https:\\\/\\\/static.krafthand-truck.de\\\/uploads\\\/2018\\\/02\\\/kht0417_015.jpg\",\"keywords\":[\"Balzer\",\"Equipment\",\"Fertigteil-Montagegrube\",\"F\u00fcllkammerbauweise\",\"Hebetechnik\"],\"articleSection\":[\"Nfz-Branche\"],\"inLanguage\":\"de\"},{\"@type\":\"WebPage\",\"@id\":\"https:\\\/\\\/www.krafthand.de\\\/truck\\\/artikel\\\/umweltgrube-des-fertigteil-grubenspezialisten-balzer-23695\\\/\",\"url\":\"https:\\\/\\\/www.krafthand.de\\\/truck\\\/artikel\\\/umweltgrube-des-fertigteil-grubenspezialisten-balzer-23695\\\/\",\"name\":\"Die 'Umweltgrube' des Fertigteil-Grubenspezialisten Balzer - Krafthand-Truck\",\"isPartOf\":{\"@id\":\"https:\\\/\\\/www.krafthand.de\\\/truck\\\/#website\"},\"primaryImageOfPage\":{\"@id\":\"https:\\\/\\\/www.krafthand.de\\\/truck\\\/artikel\\\/umweltgrube-des-fertigteil-grubenspezialisten-balzer-23695\\\/#primaryimage\"},\"image\":{\"@id\":\"https:\\\/\\\/www.krafthand.de\\\/truck\\\/artikel\\\/umweltgrube-des-fertigteil-grubenspezialisten-balzer-23695\\\/#primaryimage\"},\"thumbnailUrl\":\"https:\\\/\\\/static.krafthand-truck.de\\\/uploads\\\/2018\\\/02\\\/kht0417_015.jpg\",\"datePublished\":\"2018-02-15T06:30:06+00:00\",\"author\":{\"@id\":\"https:\\\/\\\/www.krafthand.de\\\/truck\\\/#\\\/schema\\\/person\\\/25290391c443ebfc18583f19f72a0c26\"},\"breadcrumb\":{\"@id\":\"https:\\\/\\\/www.krafthand.de\\\/truck\\\/artikel\\\/umweltgrube-des-fertigteil-grubenspezialisten-balzer-23695\\\/#breadcrumb\"},\"inLanguage\":\"de\",\"potentialAction\":[{\"@type\":\"ReadAction\",\"target\":[\"https:\\\/\\\/www.krafthand.de\\\/truck\\\/artikel\\\/umweltgrube-des-fertigteil-grubenspezialisten-balzer-23695\\\/\"]}]},{\"@type\":\"ImageObject\",\"inLanguage\":\"de\",\"@id\":\"https:\\\/\\\/www.krafthand.de\\\/truck\\\/artikel\\\/umweltgrube-des-fertigteil-grubenspezialisten-balzer-23695\\\/#primaryimage\",\"url\":\"https:\\\/\\\/static.krafthand-truck.de\\\/uploads\\\/2018\\\/02\\\/kht0417_015.jpg\",\"contentUrl\":\"https:\\\/\\\/static.krafthand-truck.de\\\/uploads\\\/2018\\\/02\\\/kht0417_015.jpg\",\"width\":1200,\"height\":800,\"caption\":\"Umweltgrube des Fertigteil-Grubenspezialist Balzer\"},{\"@type\":\"BreadcrumbList\",\"@id\":\"https:\\\/\\\/www.krafthand.de\\\/truck\\\/artikel\\\/umweltgrube-des-fertigteil-grubenspezialisten-balzer-23695\\\/#breadcrumb\",\"itemListElement\":[{\"@type\":\"ListItem\",\"position\":1,\"name\":\"Krafthand-Truck\",\"item\":\"https:\\\/\\\/www.krafthand.de\\\/truck\\\/\"},{\"@type\":\"ListItem\",\"position\":2,\"name\":\"Nfz-Branche\",\"item\":\"https:\\\/\\\/www.krafthand.de\\\/truck\\\/kategorie\\\/branche\\\/\"},{\"@type\":\"ListItem\",\"position\":3,\"name\":\"Die &#8218;Umweltgrube&#8216; des Fertigteil-Grubenspezialisten Balzer\"}]},{\"@type\":\"WebSite\",\"@id\":\"https:\\\/\\\/www.krafthand.de\\\/truck\\\/#website\",\"url\":\"https:\\\/\\\/www.krafthand.de\\\/truck\\\/\",\"name\":\"Krafthand-Truck\",\"description\":\"\",\"potentialAction\":[{\"@type\":\"SearchAction\",\"target\":{\"@type\":\"EntryPoint\",\"urlTemplate\":\"https:\\\/\\\/www.krafthand.de\\\/truck\\\/?s={search_term_string}\"},\"query-input\":{\"@type\":\"PropertyValueSpecification\",\"valueRequired\":true,\"valueName\":\"search_term_string\"}}],\"inLanguage\":\"de\"},{\"@type\":\"Person\",\"@id\":\"https:\\\/\\\/www.krafthand.de\\\/truck\\\/#\\\/schema\\\/person\\\/25290391c443ebfc18583f19f72a0c26\",\"name\":\"elisabeth.mair@krafthand.de\",\"image\":{\"@type\":\"ImageObject\",\"inLanguage\":\"de\",\"@id\":\"https:\\\/\\\/secure.gravatar.com\\\/avatar\\\/5f0e25e42e13f6e7631bd6597cd91b90228ead6b823ba81a6c8ee32fe135d72e?s=96&d=mm&r=g\",\"url\":\"https:\\\/\\\/secure.gravatar.com\\\/avatar\\\/5f0e25e42e13f6e7631bd6597cd91b90228ead6b823ba81a6c8ee32fe135d72e?s=96&d=mm&r=g\",\"contentUrl\":\"https:\\\/\\\/secure.gravatar.com\\\/avatar\\\/5f0e25e42e13f6e7631bd6597cd91b90228ead6b823ba81a6c8ee32fe135d72e?s=96&d=mm&r=g\",\"caption\":\"elisabeth.mair@krafthand.de\"}}]}<\/script>\n<!-- \/ Yoast SEO plugin. -->","yoast_head_json":{"title":"Die 'Umweltgrube' des Fertigteil-Grubenspezialisten Balzer - Krafthand-Truck","robots":{"index":"index","follow":"follow","max-snippet":"max-snippet:-1","max-image-preview":"max-image-preview:large","max-video-preview":"max-video-preview:-1"},"canonical":"https:\/\/www.krafthand.de\/truck\/artikel\/umweltgrube-des-fertigteil-grubenspezialisten-balzer-23695\/","og_locale":"de_DE","og_type":"article","og_title":"Die 'Umweltgrube' des Fertigteil-Grubenspezialisten Balzer - Krafthand-Truck","og_description":"Laut Balzer kann die Grube s\u00e4mtliche Medien aufnehmen, die ein dar\u00fcberstehendes Fahrzeug \u201aabsondert\u2019. Durch ein ausgekl\u00fcgeltes Endsystem sollen sich diese dann nachweisbar entsorgen lassen. M\u00f6glich ist dies unter anderem aufgrund des im\u00a0 Vergleich zu herk\u00f6mmlich gebauten Gruben verbreiterten Grubenkopfes und den seitlichen, \u00fcberfahrbaren Bodenrosten mit darunterliegendem\u00a0 Abwasserentsorgungssystem. Dadurch sei gew\u00e4hrleistet, dass das Fahrzeug in seiner ... weiter","og_url":"https:\/\/www.krafthand-truck.de\/artikel\/umweltgrube-des-fertigteil-grubenspezialisten-balzer-23695\/","og_site_name":"Krafthand-Truck","article_published_time":"2018-02-15T06:30:06+00:00","og_image":[{"width":1200,"height":800,"url":"https:\/\/www.krafthand.de\/truck\/wp-content\/uploads\/2018\/02\/kht0417_015.jpg","type":"image\/jpeg"}],"author":"elisabeth.mair@krafthand.de","twitter_card":"summary_large_image","twitter_misc":{"Verfasst von":"elisabeth.mair@krafthand.de","Gesch\u00e4tzte Lesezeit":"1\u00a0Minute"},"schema":{"@context":"https:\/\/schema.org","@graph":[{"@type":"Article","@id":"https:\/\/www.krafthand.de\/truck\/artikel\/umweltgrube-des-fertigteil-grubenspezialisten-balzer-23695\/#article","isPartOf":{"@id":"https:\/\/www.krafthand.de\/truck\/artikel\/umweltgrube-des-fertigteil-grubenspezialisten-balzer-23695\/"},"author":{"name":"elisabeth.mair@krafthand.de","@id":"https:\/\/www.krafthand.de\/truck\/#\/schema\/person\/25290391c443ebfc18583f19f72a0c26"},"headline":"Die &#8218;Umweltgrube&#8216; des Fertigteil-Grubenspezialisten Balzer","datePublished":"2018-02-15T06:30:06+00:00","mainEntityOfPage":{"@id":"https:\/\/www.krafthand.de\/truck\/artikel\/umweltgrube-des-fertigteil-grubenspezialisten-balzer-23695\/"},"wordCount":186,"image":{"@id":"https:\/\/www.krafthand.de\/truck\/artikel\/umweltgrube-des-fertigteil-grubenspezialisten-balzer-23695\/#primaryimage"},"thumbnailUrl":"https:\/\/static.krafthand-truck.de\/uploads\/2018\/02\/kht0417_015.jpg","keywords":["Balzer","Equipment","Fertigteil-Montagegrube","F\u00fcllkammerbauweise","Hebetechnik"],"articleSection":["Nfz-Branche"],"inLanguage":"de"},{"@type":"WebPage","@id":"https:\/\/www.krafthand.de\/truck\/artikel\/umweltgrube-des-fertigteil-grubenspezialisten-balzer-23695\/","url":"https:\/\/www.krafthand.de\/truck\/artikel\/umweltgrube-des-fertigteil-grubenspezialisten-balzer-23695\/","name":"Die 'Umweltgrube' des Fertigteil-Grubenspezialisten Balzer - Krafthand-Truck","isPartOf":{"@id":"https:\/\/www.krafthand.de\/truck\/#website"},"primaryImageOfPage":{"@id":"https:\/\/www.krafthand.de\/truck\/artikel\/umweltgrube-des-fertigteil-grubenspezialisten-balzer-23695\/#primaryimage"},"image":{"@id":"https:\/\/www.krafthand.de\/truck\/artikel\/umweltgrube-des-fertigteil-grubenspezialisten-balzer-23695\/#primaryimage"},"thumbnailUrl":"https:\/\/static.krafthand-truck.de\/uploads\/2018\/02\/kht0417_015.jpg","datePublished":"2018-02-15T06:30:06+00:00","author":{"@id":"https:\/\/www.krafthand.de\/truck\/#\/schema\/person\/25290391c443ebfc18583f19f72a0c26"},"breadcrumb":{"@id":"https:\/\/www.krafthand.de\/truck\/artikel\/umweltgrube-des-fertigteil-grubenspezialisten-balzer-23695\/#breadcrumb"},"inLanguage":"de","potentialAction":[{"@type":"ReadAction","target":["https:\/\/www.krafthand.de\/truck\/artikel\/umweltgrube-des-fertigteil-grubenspezialisten-balzer-23695\/"]}]},{"@type":"ImageObject","inLanguage":"de","@id":"https:\/\/www.krafthand.de\/truck\/artikel\/umweltgrube-des-fertigteil-grubenspezialisten-balzer-23695\/#primaryimage","url":"https:\/\/static.krafthand-truck.de\/uploads\/2018\/02\/kht0417_015.jpg","contentUrl":"https:\/\/static.krafthand-truck.de\/uploads\/2018\/02\/kht0417_015.jpg","width":1200,"height":800,"caption":"Umweltgrube des Fertigteil-Grubenspezialist Balzer"},{"@type":"BreadcrumbList","@id":"https:\/\/www.krafthand.de\/truck\/artikel\/umweltgrube-des-fertigteil-grubenspezialisten-balzer-23695\/#breadcrumb","itemListElement":[{"@type":"ListItem","position":1,"name":"Krafthand-Truck","item":"https:\/\/www.krafthand.de\/truck\/"},{"@type":"ListItem","position":2,"name":"Nfz-Branche","item":"https:\/\/www.krafthand.de\/truck\/kategorie\/branche\/"},{"@type":"ListItem","position":3,"name":"Die &#8218;Umweltgrube&#8216; des Fertigteil-Grubenspezialisten Balzer"}]},{"@type":"WebSite","@id":"https:\/\/www.krafthand.de\/truck\/#website","url":"https:\/\/www.krafthand.de\/truck\/","name":"Krafthand-Truck","description":"","potentialAction":[{"@type":"SearchAction","target":{"@type":"EntryPoint","urlTemplate":"https:\/\/www.krafthand.de\/truck\/?s={search_term_string}"},"query-input":{"@type":"PropertyValueSpecification","valueRequired":true,"valueName":"search_term_string"}}],"inLanguage":"de"},{"@type":"Person","@id":"https:\/\/www.krafthand.de\/truck\/#\/schema\/person\/25290391c443ebfc18583f19f72a0c26","name":"elisabeth.mair@krafthand.de","image":{"@type":"ImageObject","inLanguage":"de","@id":"https:\/\/secure.gravatar.com\/avatar\/5f0e25e42e13f6e7631bd6597cd91b90228ead6b823ba81a6c8ee32fe135d72e?s=96&d=mm&r=g","url":"https:\/\/secure.gravatar.com\/avatar\/5f0e25e42e13f6e7631bd6597cd91b90228ead6b823ba81a6c8ee32fe135d72e?s=96&d=mm&r=g","contentUrl":"https:\/\/secure.gravatar.com\/avatar\/5f0e25e42e13f6e7631bd6597cd91b90228ead6b823ba81a6c8ee32fe135d72e?s=96&d=mm&r=g","caption":"elisabeth.mair@krafthand.de"}}]}},"_links":{"self":[{"href":"https:\/\/www.krafthand.de\/truck\/wp-json\/wp\/v2\/posts\/23695","targetHints":{"allow":["GET"]}}],"collection":[{"href":"https:\/\/www.krafthand.de\/truck\/wp-json\/wp\/v2\/posts"}],"about":[{"href":"https:\/\/www.krafthand.de\/truck\/wp-json\/wp\/v2\/types\/post"}],"author":[{"embeddable":true,"href":"https:\/\/www.krafthand.de\/truck\/wp-json\/wp\/v2\/users\/6"}],"replies":[{"embeddable":true,"href":"https:\/\/www.krafthand.de\/truck\/wp-json\/wp\/v2\/comments?post=23695"}],"version-history":[{"count":4,"href":"https:\/\/www.krafthand.de\/truck\/wp-json\/wp\/v2\/posts\/23695\/revisions"}],"predecessor-version":[{"id":23699,"href":"https:\/\/www.krafthand.de\/truck\/wp-json\/wp\/v2\/posts\/23695\/revisions\/23699"}],"wp:featuredmedia":[{"embeddable":true,"href":"https:\/\/www.krafthand.de\/truck\/wp-json\/wp\/v2\/media\/23696"}],"wp:attachment":[{"href":"https:\/\/www.krafthand.de\/truck\/wp-json\/wp\/v2\/media?parent=23695"}],"wp:term":[{"taxonomy":"category","embeddable":true,"href":"https:\/\/www.krafthand.de\/truck\/wp-json\/wp\/v2\/categories?post=23695"},{"taxonomy":"post_tag","embeddable":true,"href":"https:\/\/www.krafthand.de\/truck\/wp-json\/wp\/v2\/tags?post=23695"},{"taxonomy":"settings","embeddable":true,"href":"https:\/\/www.krafthand.de\/truck\/wp-json\/wp\/v2\/settings?post=23695"}],"curies":[{"name":"wp","href":"https:\/\/api.w.org\/{rel}","templated":true}]}}