{"id":2363,"date":"2015-05-22T12:07:05","date_gmt":"2015-05-22T10:07:05","guid":{"rendered":"https:\/\/www.krafthand.de\/truck\/2015\/05\/22\/ersatz-schalldaempfer-von-dinex-fuer-euro-iv-und-euro-v-nutzfahrzeuge\/"},"modified":"2015-05-22T12:07:05","modified_gmt":"2015-05-22T10:07:05","slug":"ersatz-schalldaempfer-von-dinex-fuer-euro-iv-und-euro-v-nutzfahrzeuge","status":"publish","type":"post","link":"https:\/\/www.krafthand.de\/truck\/artikel\/ersatz-schalldaempfer-von-dinex-fuer-euro-iv-und-euro-v-nutzfahrzeuge-2363\/","title":{"rendered":"Ersatz-Schalld\u00e4mpfer von Dinex f\u00fcr Euro-IV- und Euro-V-Nutzfahrzeuge"},"content":{"rendered":"<p class=\"text-colored\">Mit den Abgasnormen Euro IV (2006) und Euro V (2008) begann der gro\u00dffl\u00e4chige Einzug von Abgasreinigungssystemen bei Nutzfahrzeugen und Transportern. Viele Fahrzeuge aus dieser Zeit sind auch heute noch t\u00e4glich im Einsatz.<\/p>\n<p>Doch in vielen F\u00e4llen nagt der Zahn der Zeit an den Abgasanlagen, so dass nicht nur Schalld\u00e4mpfer, Rohre und Schellen, sondern h\u00e4ufig auch Katalysatoren und Ru\u00dfpartikelfiltern ersetzt werden m\u00fcssen. Passende Ersatzteile f\u00fcr die Abgasreinigungssysteme waren allerdings lange Zeit nur \u00fcber die Ersatzteil-Organisationen der Fahrzeughersteller zu bekommen.<br \/>\nAls Abgastechnikspezialist und Hersteller von Abgasreinigungssystemen f\u00fcr die Erstausr\u00fcstung, Nachr\u00fcstung und den Ersatzbedarf hat der d\u00e4nische Hersteller Dinex deshalb eine breites Programm an Euro IV- und Euro V-Ersatzkomponenten f\u00fcr den freien Reparaturmarkt aufgelegt.<br \/>\nNach eigenem Bekunden lassen sich damit mittlerweile mehr als 100 Lkw-Modelle der \u201eBig Seven\u201c, also DAF, Iveco, MAN, Mercedes-Benz, Renault, Scania und Volvo abdecken. Zudem k\u00f6nnen die D\u00e4nen auf ein Kleintransporter-Programm mit \u00fcber 400 Komplettsystemen verweisen. Laut Dinex handelt es sich bei den Produkten stets um einen direkten, passgenauen Ersatz f\u00fcr den in der Erstausr\u00fcstung verbauten Schalld\u00e4mpfer oder Katalysator.<br \/>\n<b>Dinex<\/b>, Kalbach, Telefon 0 18 02 &#8211; 25 11 25,  <a href=\"http:\/\/www.dinex.de\/\" target=\"_blank\">www.dinex.de<\/a><\/p>\n","protected":false},"excerpt":{"rendered":"<p>Mit den Abgasnormen Euro IV (2006) und Euro V (2008) begann der gro\u00dffl\u00e4chige Einzug von Abgasreinigungssystemen bei Nutzfahrzeugen und Transportern. Viele Fahrzeuge aus dieser Zeit sind auch heute noch t\u00e4glich im Einsatz. <span class=\"excerpt-more__dots\">&#8230;<\/span> <a class=\"excerpt-more__link\" href=\"https:\/\/www.krafthand.de\/truck\/artikel\/ersatz-schalldaempfer-von-dinex-fuer-euro-iv-und-euro-v-nutzfahrzeuge-2363\/\" >weiter<\/a><\/p>\n","protected":false},"author":3,"featured_media":2364,"comment_status":"closed","ping_status":"closed","sticky":false,"template":"","format":"standard","meta":{"footnotes":""},"categories":[5],"tags":[962,1918,963,964,26],"settings":[],"class_list":["post-2363","post","type-post","status-publish","format-standard","has-post-thumbnail","hentry","category-branche","tag-dinex","tag-ersatz-schalldaempfer","tag-euro-iv","tag-euro-v","tag-nutzfahrzeug"],"yoast_head":"<!-- This site is optimized with the Yoast SEO plugin v27.3 - https:\/\/yoast.com\/product\/yoast-seo-wordpress\/ -->\n<title>Ersatz-Schalld\u00e4mpfer von Dinex f\u00fcr Euro-IV- und Euro-V-Nutzfahrzeuge - Krafthand-Truck<\/title>\n<meta name=\"robots\" content=\"index, follow, max-snippet:-1, max-image-preview:large, max-video-preview:-1\" \/>\n<link rel=\"canonical\" href=\"https:\/\/www.krafthand.de\/truck\/artikel\/ersatz-schalldaempfer-von-dinex-fuer-euro-iv-und-euro-v-nutzfahrzeuge-2363\/\" \/>\n<meta property=\"og:locale\" content=\"de_DE\" \/>\n<meta property=\"og:type\" content=\"article\" \/>\n<meta property=\"og:title\" content=\"Ersatz-Schalld\u00e4mpfer von Dinex f\u00fcr Euro-IV- und Euro-V-Nutzfahrzeuge - Krafthand-Truck\" \/>\n<meta property=\"og:description\" content=\"Mit den Abgasnormen Euro IV (2006) und Euro V (2008) begann der gro\u00dffl\u00e4chige Einzug von Abgasreinigungssystemen bei Nutzfahrzeugen und Transportern. Viele Fahrzeuge aus dieser Zeit sind auch heute noch t\u00e4glich im Einsatz. ... weiter\" \/>\n<meta property=\"og:url\" content=\"https:\/\/www.krafthand-truck.de\/artikel\/ersatz-schalldaempfer-von-dinex-fuer-euro-iv-und-euro-v-nutzfahrzeuge-2363\/\" \/>\n<meta property=\"og:site_name\" content=\"Krafthand-Truck\" \/>\n<meta property=\"article:published_time\" content=\"2015-05-22T10:07:05+00:00\" \/>\n<meta property=\"og:image\" content=\"https:\/\/www.krafthand.de\/truck\/wp-content\/uploads\/2015\/05\/Dinex_-1.jpg\" \/>\n\t<meta property=\"og:image:width\" content=\"700\" \/>\n\t<meta property=\"og:image:height\" content=\"645\" \/>\n\t<meta property=\"og:image:type\" content=\"image\/jpeg\" \/>\n<meta name=\"author\" content=\"katja.heid@krafthand.de\" \/>\n<meta name=\"twitter:card\" content=\"summary_large_image\" \/>\n<meta name=\"twitter:label1\" content=\"Verfasst von\" \/>\n\t<meta name=\"twitter:data1\" content=\"katja.heid@krafthand.de\" \/>\n\t<meta name=\"twitter:label2\" content=\"Gesch\u00e4tzte Lesezeit\" \/>\n\t<meta name=\"twitter:data2\" content=\"1\u00a0Minute\" \/>\n<script type=\"application\/ld+json\" class=\"yoast-schema-graph\">{\"@context\":\"https:\\\/\\\/schema.org\",\"@graph\":[{\"@type\":\"Article\",\"@id\":\"https:\\\/\\\/www.krafthand.de\\\/truck\\\/artikel\\\/ersatz-schalldaempfer-von-dinex-fuer-euro-iv-und-euro-v-nutzfahrzeuge-2363\\\/#article\",\"isPartOf\":{\"@id\":\"https:\\\/\\\/www.krafthand.de\\\/truck\\\/artikel\\\/ersatz-schalldaempfer-von-dinex-fuer-euro-iv-und-euro-v-nutzfahrzeuge-2363\\\/\"},\"author\":{\"name\":\"katja.heid@krafthand.de\",\"@id\":\"https:\\\/\\\/www.krafthand.de\\\/truck\\\/#\\\/schema\\\/person\\\/8e290c6d425b72d176adc7767a251001\"},\"headline\":\"Ersatz-Schalld\u00e4mpfer von Dinex f\u00fcr Euro-IV- und Euro-V-Nutzfahrzeuge\",\"datePublished\":\"2015-05-22T10:07:05+00:00\",\"mainEntityOfPage\":{\"@id\":\"https:\\\/\\\/www.krafthand.de\\\/truck\\\/artikel\\\/ersatz-schalldaempfer-von-dinex-fuer-euro-iv-und-euro-v-nutzfahrzeuge-2363\\\/\"},\"wordCount\":203,\"image\":{\"@id\":\"https:\\\/\\\/www.krafthand.de\\\/truck\\\/artikel\\\/ersatz-schalldaempfer-von-dinex-fuer-euro-iv-und-euro-v-nutzfahrzeuge-2363\\\/#primaryimage\"},\"thumbnailUrl\":\"https:\\\/\\\/static.krafthand-truck.de\\\/uploads\\\/2015\\\/05\\\/Dinex_-1.jpg\",\"keywords\":[\"Dinex\",\"Ersatz-Schalld\u00e4mpfer\",\"Euro-IV\",\"Euro-V\",\"Nutzfahrzeug\"],\"articleSection\":[\"Nfz-Branche\"],\"inLanguage\":\"de\"},{\"@type\":\"WebPage\",\"@id\":\"https:\\\/\\\/www.krafthand.de\\\/truck\\\/artikel\\\/ersatz-schalldaempfer-von-dinex-fuer-euro-iv-und-euro-v-nutzfahrzeuge-2363\\\/\",\"url\":\"https:\\\/\\\/www.krafthand.de\\\/truck\\\/artikel\\\/ersatz-schalldaempfer-von-dinex-fuer-euro-iv-und-euro-v-nutzfahrzeuge-2363\\\/\",\"name\":\"Ersatz-Schalld\u00e4mpfer von Dinex f\u00fcr Euro-IV- und Euro-V-Nutzfahrzeuge - Krafthand-Truck\",\"isPartOf\":{\"@id\":\"https:\\\/\\\/www.krafthand.de\\\/truck\\\/#website\"},\"primaryImageOfPage\":{\"@id\":\"https:\\\/\\\/www.krafthand.de\\\/truck\\\/artikel\\\/ersatz-schalldaempfer-von-dinex-fuer-euro-iv-und-euro-v-nutzfahrzeuge-2363\\\/#primaryimage\"},\"image\":{\"@id\":\"https:\\\/\\\/www.krafthand.de\\\/truck\\\/artikel\\\/ersatz-schalldaempfer-von-dinex-fuer-euro-iv-und-euro-v-nutzfahrzeuge-2363\\\/#primaryimage\"},\"thumbnailUrl\":\"https:\\\/\\\/static.krafthand-truck.de\\\/uploads\\\/2015\\\/05\\\/Dinex_-1.jpg\",\"datePublished\":\"2015-05-22T10:07:05+00:00\",\"author\":{\"@id\":\"https:\\\/\\\/www.krafthand.de\\\/truck\\\/#\\\/schema\\\/person\\\/8e290c6d425b72d176adc7767a251001\"},\"breadcrumb\":{\"@id\":\"https:\\\/\\\/www.krafthand.de\\\/truck\\\/artikel\\\/ersatz-schalldaempfer-von-dinex-fuer-euro-iv-und-euro-v-nutzfahrzeuge-2363\\\/#breadcrumb\"},\"inLanguage\":\"de\",\"potentialAction\":[{\"@type\":\"ReadAction\",\"target\":[\"https:\\\/\\\/www.krafthand.de\\\/truck\\\/artikel\\\/ersatz-schalldaempfer-von-dinex-fuer-euro-iv-und-euro-v-nutzfahrzeuge-2363\\\/\"]}]},{\"@type\":\"ImageObject\",\"inLanguage\":\"de\",\"@id\":\"https:\\\/\\\/www.krafthand.de\\\/truck\\\/artikel\\\/ersatz-schalldaempfer-von-dinex-fuer-euro-iv-und-euro-v-nutzfahrzeuge-2363\\\/#primaryimage\",\"url\":\"https:\\\/\\\/static.krafthand-truck.de\\\/uploads\\\/2015\\\/05\\\/Dinex_-1.jpg\",\"contentUrl\":\"https:\\\/\\\/static.krafthand-truck.de\\\/uploads\\\/2015\\\/05\\\/Dinex_-1.jpg\",\"width\":700,\"height\":645,\"caption\":\"Direkter Ersatz: Der d\u00e4nische Abgastechnikspezialist Dinex bietet ein breites Sortiment an Ersatz-Schalld\u00e4mpfern f\u00fcr Euro IV- und Euro V-Nutzfahrzeuge speziell f\u00fcr den freien Aftermarket. Bild: Dinex\"},{\"@type\":\"BreadcrumbList\",\"@id\":\"https:\\\/\\\/www.krafthand.de\\\/truck\\\/artikel\\\/ersatz-schalldaempfer-von-dinex-fuer-euro-iv-und-euro-v-nutzfahrzeuge-2363\\\/#breadcrumb\",\"itemListElement\":[{\"@type\":\"ListItem\",\"position\":1,\"name\":\"Krafthand-Truck\",\"item\":\"https:\\\/\\\/www.krafthand.de\\\/truck\\\/\"},{\"@type\":\"ListItem\",\"position\":2,\"name\":\"Nfz-Branche\",\"item\":\"https:\\\/\\\/www.krafthand.de\\\/truck\\\/kategorie\\\/branche\\\/\"},{\"@type\":\"ListItem\",\"position\":3,\"name\":\"Ersatz-Schalld\u00e4mpfer von Dinex f\u00fcr Euro-IV- und Euro-V-Nutzfahrzeuge\"}]},{\"@type\":\"WebSite\",\"@id\":\"https:\\\/\\\/www.krafthand.de\\\/truck\\\/#website\",\"url\":\"https:\\\/\\\/www.krafthand.de\\\/truck\\\/\",\"name\":\"Krafthand-Truck\",\"description\":\"\",\"potentialAction\":[{\"@type\":\"SearchAction\",\"target\":{\"@type\":\"EntryPoint\",\"urlTemplate\":\"https:\\\/\\\/www.krafthand.de\\\/truck\\\/?s={search_term_string}\"},\"query-input\":{\"@type\":\"PropertyValueSpecification\",\"valueRequired\":true,\"valueName\":\"search_term_string\"}}],\"inLanguage\":\"de\"},{\"@type\":\"Person\",\"@id\":\"https:\\\/\\\/www.krafthand.de\\\/truck\\\/#\\\/schema\\\/person\\\/8e290c6d425b72d176adc7767a251001\",\"name\":\"katja.heid@krafthand.de\",\"image\":{\"@type\":\"ImageObject\",\"inLanguage\":\"de\",\"@id\":\"https:\\\/\\\/secure.gravatar.com\\\/avatar\\\/9a2930c54ede0e0a76c0f8abfb74704de273084f2aa0e3c6deb2c86704c7402b?s=96&d=mm&r=g\",\"url\":\"https:\\\/\\\/secure.gravatar.com\\\/avatar\\\/9a2930c54ede0e0a76c0f8abfb74704de273084f2aa0e3c6deb2c86704c7402b?s=96&d=mm&r=g\",\"contentUrl\":\"https:\\\/\\\/secure.gravatar.com\\\/avatar\\\/9a2930c54ede0e0a76c0f8abfb74704de273084f2aa0e3c6deb2c86704c7402b?s=96&d=mm&r=g\",\"caption\":\"katja.heid@krafthand.de\"}}]}<\/script>\n<!-- \/ Yoast SEO plugin. -->","yoast_head_json":{"title":"Ersatz-Schalld\u00e4mpfer von Dinex f\u00fcr Euro-IV- und Euro-V-Nutzfahrzeuge - Krafthand-Truck","robots":{"index":"index","follow":"follow","max-snippet":"max-snippet:-1","max-image-preview":"max-image-preview:large","max-video-preview":"max-video-preview:-1"},"canonical":"https:\/\/www.krafthand.de\/truck\/artikel\/ersatz-schalldaempfer-von-dinex-fuer-euro-iv-und-euro-v-nutzfahrzeuge-2363\/","og_locale":"de_DE","og_type":"article","og_title":"Ersatz-Schalld\u00e4mpfer von Dinex f\u00fcr Euro-IV- und Euro-V-Nutzfahrzeuge - Krafthand-Truck","og_description":"Mit den Abgasnormen Euro IV (2006) und Euro V (2008) begann der gro\u00dffl\u00e4chige Einzug von Abgasreinigungssystemen bei Nutzfahrzeugen und Transportern. Viele Fahrzeuge aus dieser Zeit sind auch heute noch t\u00e4glich im Einsatz. ... weiter","og_url":"https:\/\/www.krafthand-truck.de\/artikel\/ersatz-schalldaempfer-von-dinex-fuer-euro-iv-und-euro-v-nutzfahrzeuge-2363\/","og_site_name":"Krafthand-Truck","article_published_time":"2015-05-22T10:07:05+00:00","og_image":[{"width":700,"height":645,"url":"https:\/\/www.krafthand.de\/truck\/wp-content\/uploads\/2015\/05\/Dinex_-1.jpg","type":"image\/jpeg"}],"author":"katja.heid@krafthand.de","twitter_card":"summary_large_image","twitter_misc":{"Verfasst von":"katja.heid@krafthand.de","Gesch\u00e4tzte Lesezeit":"1\u00a0Minute"},"schema":{"@context":"https:\/\/schema.org","@graph":[{"@type":"Article","@id":"https:\/\/www.krafthand.de\/truck\/artikel\/ersatz-schalldaempfer-von-dinex-fuer-euro-iv-und-euro-v-nutzfahrzeuge-2363\/#article","isPartOf":{"@id":"https:\/\/www.krafthand.de\/truck\/artikel\/ersatz-schalldaempfer-von-dinex-fuer-euro-iv-und-euro-v-nutzfahrzeuge-2363\/"},"author":{"name":"katja.heid@krafthand.de","@id":"https:\/\/www.krafthand.de\/truck\/#\/schema\/person\/8e290c6d425b72d176adc7767a251001"},"headline":"Ersatz-Schalld\u00e4mpfer von Dinex f\u00fcr Euro-IV- und Euro-V-Nutzfahrzeuge","datePublished":"2015-05-22T10:07:05+00:00","mainEntityOfPage":{"@id":"https:\/\/www.krafthand.de\/truck\/artikel\/ersatz-schalldaempfer-von-dinex-fuer-euro-iv-und-euro-v-nutzfahrzeuge-2363\/"},"wordCount":203,"image":{"@id":"https:\/\/www.krafthand.de\/truck\/artikel\/ersatz-schalldaempfer-von-dinex-fuer-euro-iv-und-euro-v-nutzfahrzeuge-2363\/#primaryimage"},"thumbnailUrl":"https:\/\/static.krafthand-truck.de\/uploads\/2015\/05\/Dinex_-1.jpg","keywords":["Dinex","Ersatz-Schalld\u00e4mpfer","Euro-IV","Euro-V","Nutzfahrzeug"],"articleSection":["Nfz-Branche"],"inLanguage":"de"},{"@type":"WebPage","@id":"https:\/\/www.krafthand.de\/truck\/artikel\/ersatz-schalldaempfer-von-dinex-fuer-euro-iv-und-euro-v-nutzfahrzeuge-2363\/","url":"https:\/\/www.krafthand.de\/truck\/artikel\/ersatz-schalldaempfer-von-dinex-fuer-euro-iv-und-euro-v-nutzfahrzeuge-2363\/","name":"Ersatz-Schalld\u00e4mpfer von Dinex f\u00fcr Euro-IV- und Euro-V-Nutzfahrzeuge - Krafthand-Truck","isPartOf":{"@id":"https:\/\/www.krafthand.de\/truck\/#website"},"primaryImageOfPage":{"@id":"https:\/\/www.krafthand.de\/truck\/artikel\/ersatz-schalldaempfer-von-dinex-fuer-euro-iv-und-euro-v-nutzfahrzeuge-2363\/#primaryimage"},"image":{"@id":"https:\/\/www.krafthand.de\/truck\/artikel\/ersatz-schalldaempfer-von-dinex-fuer-euro-iv-und-euro-v-nutzfahrzeuge-2363\/#primaryimage"},"thumbnailUrl":"https:\/\/static.krafthand-truck.de\/uploads\/2015\/05\/Dinex_-1.jpg","datePublished":"2015-05-22T10:07:05+00:00","author":{"@id":"https:\/\/www.krafthand.de\/truck\/#\/schema\/person\/8e290c6d425b72d176adc7767a251001"},"breadcrumb":{"@id":"https:\/\/www.krafthand.de\/truck\/artikel\/ersatz-schalldaempfer-von-dinex-fuer-euro-iv-und-euro-v-nutzfahrzeuge-2363\/#breadcrumb"},"inLanguage":"de","potentialAction":[{"@type":"ReadAction","target":["https:\/\/www.krafthand.de\/truck\/artikel\/ersatz-schalldaempfer-von-dinex-fuer-euro-iv-und-euro-v-nutzfahrzeuge-2363\/"]}]},{"@type":"ImageObject","inLanguage":"de","@id":"https:\/\/www.krafthand.de\/truck\/artikel\/ersatz-schalldaempfer-von-dinex-fuer-euro-iv-und-euro-v-nutzfahrzeuge-2363\/#primaryimage","url":"https:\/\/static.krafthand-truck.de\/uploads\/2015\/05\/Dinex_-1.jpg","contentUrl":"https:\/\/static.krafthand-truck.de\/uploads\/2015\/05\/Dinex_-1.jpg","width":700,"height":645,"caption":"Direkter Ersatz: Der d\u00e4nische Abgastechnikspezialist Dinex bietet ein breites Sortiment an Ersatz-Schalld\u00e4mpfern f\u00fcr Euro IV- und Euro V-Nutzfahrzeuge speziell f\u00fcr den freien Aftermarket. Bild: Dinex"},{"@type":"BreadcrumbList","@id":"https:\/\/www.krafthand.de\/truck\/artikel\/ersatz-schalldaempfer-von-dinex-fuer-euro-iv-und-euro-v-nutzfahrzeuge-2363\/#breadcrumb","itemListElement":[{"@type":"ListItem","position":1,"name":"Krafthand-Truck","item":"https:\/\/www.krafthand.de\/truck\/"},{"@type":"ListItem","position":2,"name":"Nfz-Branche","item":"https:\/\/www.krafthand.de\/truck\/kategorie\/branche\/"},{"@type":"ListItem","position":3,"name":"Ersatz-Schalld\u00e4mpfer von Dinex f\u00fcr Euro-IV- und Euro-V-Nutzfahrzeuge"}]},{"@type":"WebSite","@id":"https:\/\/www.krafthand.de\/truck\/#website","url":"https:\/\/www.krafthand.de\/truck\/","name":"Krafthand-Truck","description":"","potentialAction":[{"@type":"SearchAction","target":{"@type":"EntryPoint","urlTemplate":"https:\/\/www.krafthand.de\/truck\/?s={search_term_string}"},"query-input":{"@type":"PropertyValueSpecification","valueRequired":true,"valueName":"search_term_string"}}],"inLanguage":"de"},{"@type":"Person","@id":"https:\/\/www.krafthand.de\/truck\/#\/schema\/person\/8e290c6d425b72d176adc7767a251001","name":"katja.heid@krafthand.de","image":{"@type":"ImageObject","inLanguage":"de","@id":"https:\/\/secure.gravatar.com\/avatar\/9a2930c54ede0e0a76c0f8abfb74704de273084f2aa0e3c6deb2c86704c7402b?s=96&d=mm&r=g","url":"https:\/\/secure.gravatar.com\/avatar\/9a2930c54ede0e0a76c0f8abfb74704de273084f2aa0e3c6deb2c86704c7402b?s=96&d=mm&r=g","contentUrl":"https:\/\/secure.gravatar.com\/avatar\/9a2930c54ede0e0a76c0f8abfb74704de273084f2aa0e3c6deb2c86704c7402b?s=96&d=mm&r=g","caption":"katja.heid@krafthand.de"}}]}},"_links":{"self":[{"href":"https:\/\/www.krafthand.de\/truck\/wp-json\/wp\/v2\/posts\/2363","targetHints":{"allow":["GET"]}}],"collection":[{"href":"https:\/\/www.krafthand.de\/truck\/wp-json\/wp\/v2\/posts"}],"about":[{"href":"https:\/\/www.krafthand.de\/truck\/wp-json\/wp\/v2\/types\/post"}],"author":[{"embeddable":true,"href":"https:\/\/www.krafthand.de\/truck\/wp-json\/wp\/v2\/users\/3"}],"replies":[{"embeddable":true,"href":"https:\/\/www.krafthand.de\/truck\/wp-json\/wp\/v2\/comments?post=2363"}],"version-history":[{"count":0,"href":"https:\/\/www.krafthand.de\/truck\/wp-json\/wp\/v2\/posts\/2363\/revisions"}],"wp:featuredmedia":[{"embeddable":true,"href":"https:\/\/www.krafthand.de\/truck\/wp-json\/wp\/v2\/media\/2364"}],"wp:attachment":[{"href":"https:\/\/www.krafthand.de\/truck\/wp-json\/wp\/v2\/media?parent=2363"}],"wp:term":[{"taxonomy":"category","embeddable":true,"href":"https:\/\/www.krafthand.de\/truck\/wp-json\/wp\/v2\/categories?post=2363"},{"taxonomy":"post_tag","embeddable":true,"href":"https:\/\/www.krafthand.de\/truck\/wp-json\/wp\/v2\/tags?post=2363"},{"taxonomy":"settings","embeddable":true,"href":"https:\/\/www.krafthand.de\/truck\/wp-json\/wp\/v2\/settings?post=2363"}],"curies":[{"name":"wp","href":"https:\/\/api.w.org\/{rel}","templated":true}]}}