{"id":23590,"date":"2018-01-25T07:30:31","date_gmt":"2018-01-25T06:30:31","guid":{"rendered":"https:\/\/www.krafthand.de\/truck\/?p=23590"},"modified":"2018-02-01T09:51:27","modified_gmt":"2018-02-01T08:51:27","slug":"mahle-klimakompressoren-in-garantierter-erstausruesterqualitaet","status":"publish","type":"post","link":"https:\/\/www.krafthand.de\/truck\/artikel\/mahle-klimakompressoren-in-garantierter-erstausruesterqualitaet-23590\/","title":{"rendered":"Mahle: Klimakompressoren in garantierter Erstausr\u00fcsterqualit\u00e4t"},"content":{"rendered":"<p class=\"text-colored\">Klimakompressoren f\u00fcr die Erstausr\u00fcstung geh\u00f6ren schon seit langem zu den Kernkompetenzen des Stuttgarter Zulieferers Mahle. Seit September liefert das Unternehmen nach eigenen Angaben nun auch im freien Ersatzmarkt Klimakompressoren f\u00fcr Pkw, Transporter und Nutzfahrzeuge \u201ein garantierter Erstausr\u00fcstungsqualit\u00e4t\u201c. Dahinter steckt unter anderem die langj\u00e4hrige System- und Technologiekompetenz der 2015 \u00fcbernommenen Thermomanagement-Sparte des Zulieferers Delphi Automotive PLC. \u201eDie neuen Klimakompressoren f\u00fcr den Aftermarket erg\u00e4nzen unser bereits bestehendes Angebot f\u00fcr den K\u00fchl- und Klimakreislauf im Fahrzeug\u201c, berichtet Olaf Henning, Mitglied der Konzernleitung bei Mahle und Gesch\u00e4ftsf\u00fchrer der Mahle Aftermarket GmbH.<\/p>\n<p>Unternehmensangaben zufolge wurde in den vergangenen Monaten das Produktprogramms kr\u00e4ftig erweitert: \u201eNicht nur mit Klimakompressoren, sondern auch mit Klimaserviceger\u00e4ten von \u201aMahle Service Solutions\u2019. Die Verbraucher k\u00f6nnen sich dabei in allen Produktsegmenten auf unsere Entwicklungskompetenz und Erfahrung verlassen\u201c, versichert Henning. Unter der Marke \u201aMahle Original\u2019 werden demnach zwei Produktlinien f\u00fcr Kompressoren angeboten, um den unterschiedlichen Anspr\u00fcchen und Bed\u00fcrfnissen der Kunden gerecht zu werden: eine Standard-Produktlinie und ein Premium-Programm f\u00fcr gehobene Performance- und Qualit\u00e4tsanspr\u00fcche.<\/p>\n<p><i>Den Beitrag finden Sie auch in der Print-Ausgabe 4\/17 der <a href=\"https:\/\/www.krafthand.de\/truck\/magazin\/\" title=\"Zum Magazin\">Krafthand-Truck<\/a>.<\/i><\/p>","protected":false},"excerpt":{"rendered":"<p>Unternehmensangaben zufolge wurde in den vergangenen Monaten das Produktprogramms kr\u00e4ftig erweitert: \u201eNicht nur mit Klimakompressoren, sondern auch mit Klimaserviceger\u00e4ten von \u201aMahle Service Solutions\u2019. Die Verbraucher k\u00f6nnen sich dabei in allen Produktsegmenten auf unsere Entwicklungskompetenz und Erfahrung verlassen\u201c, versichert Henning. Unter der Marke \u201aMahle Original\u2019 werden demnach zwei Produktlinien f\u00fcr Kompressoren angeboten, um den unterschiedlichen Anspr\u00fcchen <span class=\"excerpt-more__dots\">&#8230;<\/span> <a class=\"excerpt-more__link\" href=\"https:\/\/www.krafthand.de\/truck\/artikel\/mahle-klimakompressoren-in-garantierter-erstausruesterqualitaet-23590\/\" >weiter<\/a><\/p>\n","protected":false},"author":6,"featured_media":23592,"comment_status":"closed","ping_status":"closed","sticky":false,"template":"","format":"standard","meta":{"footnotes":""},"categories":[5],"tags":[3533,596,3532,3534,1393],"settings":[],"class_list":["post-23590","post","type-post","status-publish","format-standard","has-post-thumbnail","hentry","category-branche","tag-delphi-automotive-plc","tag-erstausruesterqualitaet","tag-klimakompressoren","tag-klimaservicegeraete","tag-mahle-aftermarket"],"yoast_head":"<!-- This site is optimized with the Yoast SEO plugin v27.3 - https:\/\/yoast.com\/product\/yoast-seo-wordpress\/ -->\n<title>Mahle: Klimakompressoren in garantierter Erstausr\u00fcsterqualit\u00e4t - Krafthand-Truck<\/title>\n<meta name=\"robots\" content=\"index, follow, max-snippet:-1, max-image-preview:large, max-video-preview:-1\" \/>\n<link rel=\"canonical\" href=\"https:\/\/www.krafthand.de\/truck\/artikel\/mahle-klimakompressoren-in-garantierter-erstausruesterqualitaet-23590\/\" \/>\n<meta property=\"og:locale\" content=\"de_DE\" \/>\n<meta property=\"og:type\" content=\"article\" \/>\n<meta property=\"og:title\" content=\"Mahle: Klimakompressoren in garantierter Erstausr\u00fcsterqualit\u00e4t - Krafthand-Truck\" \/>\n<meta property=\"og:description\" content=\"Unternehmensangaben zufolge wurde in den vergangenen Monaten das Produktprogramms kr\u00e4ftig erweitert: \u201eNicht nur mit Klimakompressoren, sondern auch mit Klimaserviceger\u00e4ten von \u201aMahle Service Solutions\u2019. Die Verbraucher k\u00f6nnen sich dabei in allen Produktsegmenten auf unsere Entwicklungskompetenz und Erfahrung verlassen\u201c, versichert Henning. Unter der Marke \u201aMahle Original\u2019 werden demnach zwei Produktlinien f\u00fcr Kompressoren angeboten, um den unterschiedlichen Anspr\u00fcchen ... weiter\" \/>\n<meta property=\"og:url\" content=\"https:\/\/www.krafthand-truck.de\/artikel\/mahle-klimakompressoren-in-garantierter-erstausruesterqualitaet-23590\/\" \/>\n<meta property=\"og:site_name\" content=\"Krafthand-Truck\" \/>\n<meta property=\"article:published_time\" content=\"2018-01-25T06:30:31+00:00\" \/>\n<meta property=\"article:modified_time\" content=\"2018-02-01T08:51:27+00:00\" \/>\n<meta property=\"og:image\" content=\"https:\/\/www.krafthand.de\/truck\/wp-content\/uploads\/2018\/01\/kht0417_039.jpg\" \/>\n\t<meta property=\"og:image:width\" content=\"1200\" \/>\n\t<meta property=\"og:image:height\" content=\"898\" \/>\n\t<meta property=\"og:image:type\" content=\"image\/jpeg\" \/>\n<meta name=\"author\" content=\"elisabeth.mair@krafthand.de\" \/>\n<meta name=\"twitter:card\" content=\"summary_large_image\" \/>\n<meta name=\"twitter:label1\" content=\"Verfasst von\" \/>\n\t<meta name=\"twitter:data1\" content=\"elisabeth.mair@krafthand.de\" \/>\n\t<meta name=\"twitter:label2\" content=\"Gesch\u00e4tzte Lesezeit\" \/>\n\t<meta name=\"twitter:data2\" content=\"1\u00a0Minute\" \/>\n<script type=\"application\/ld+json\" class=\"yoast-schema-graph\">{\"@context\":\"https:\\\/\\\/schema.org\",\"@graph\":[{\"@type\":\"Article\",\"@id\":\"https:\\\/\\\/www.krafthand.de\\\/truck\\\/artikel\\\/mahle-klimakompressoren-in-garantierter-erstausruesterqualitaet-23590\\\/#article\",\"isPartOf\":{\"@id\":\"https:\\\/\\\/www.krafthand.de\\\/truck\\\/artikel\\\/mahle-klimakompressoren-in-garantierter-erstausruesterqualitaet-23590\\\/\"},\"author\":{\"name\":\"elisabeth.mair@krafthand.de\",\"@id\":\"https:\\\/\\\/www.krafthand.de\\\/truck\\\/#\\\/schema\\\/person\\\/25290391c443ebfc18583f19f72a0c26\"},\"headline\":\"Mahle: Klimakompressoren in garantierter Erstausr\u00fcsterqualit\u00e4t\",\"datePublished\":\"2018-01-25T06:30:31+00:00\",\"dateModified\":\"2018-02-01T08:51:27+00:00\",\"mainEntityOfPage\":{\"@id\":\"https:\\\/\\\/www.krafthand.de\\\/truck\\\/artikel\\\/mahle-klimakompressoren-in-garantierter-erstausruesterqualitaet-23590\\\/\"},\"wordCount\":189,\"image\":{\"@id\":\"https:\\\/\\\/www.krafthand.de\\\/truck\\\/artikel\\\/mahle-klimakompressoren-in-garantierter-erstausruesterqualitaet-23590\\\/#primaryimage\"},\"thumbnailUrl\":\"https:\\\/\\\/static.krafthand-truck.de\\\/uploads\\\/2018\\\/01\\\/kht0417_039.jpg\",\"keywords\":[\"Delphi Automotive PLC\",\"Erstausr\u00fcsterqualit\u00e4t\",\"Klimakompressoren\",\"Klimaserviceger\u00e4te\",\"Mahle Aftermarket\"],\"articleSection\":[\"Nfz-Branche\"],\"inLanguage\":\"de\"},{\"@type\":\"WebPage\",\"@id\":\"https:\\\/\\\/www.krafthand.de\\\/truck\\\/artikel\\\/mahle-klimakompressoren-in-garantierter-erstausruesterqualitaet-23590\\\/\",\"url\":\"https:\\\/\\\/www.krafthand.de\\\/truck\\\/artikel\\\/mahle-klimakompressoren-in-garantierter-erstausruesterqualitaet-23590\\\/\",\"name\":\"Mahle: Klimakompressoren in garantierter Erstausr\u00fcsterqualit\u00e4t - Krafthand-Truck\",\"isPartOf\":{\"@id\":\"https:\\\/\\\/www.krafthand.de\\\/truck\\\/#website\"},\"primaryImageOfPage\":{\"@id\":\"https:\\\/\\\/www.krafthand.de\\\/truck\\\/artikel\\\/mahle-klimakompressoren-in-garantierter-erstausruesterqualitaet-23590\\\/#primaryimage\"},\"image\":{\"@id\":\"https:\\\/\\\/www.krafthand.de\\\/truck\\\/artikel\\\/mahle-klimakompressoren-in-garantierter-erstausruesterqualitaet-23590\\\/#primaryimage\"},\"thumbnailUrl\":\"https:\\\/\\\/static.krafthand-truck.de\\\/uploads\\\/2018\\\/01\\\/kht0417_039.jpg\",\"datePublished\":\"2018-01-25T06:30:31+00:00\",\"dateModified\":\"2018-02-01T08:51:27+00:00\",\"author\":{\"@id\":\"https:\\\/\\\/www.krafthand.de\\\/truck\\\/#\\\/schema\\\/person\\\/25290391c443ebfc18583f19f72a0c26\"},\"breadcrumb\":{\"@id\":\"https:\\\/\\\/www.krafthand.de\\\/truck\\\/artikel\\\/mahle-klimakompressoren-in-garantierter-erstausruesterqualitaet-23590\\\/#breadcrumb\"},\"inLanguage\":\"de\",\"potentialAction\":[{\"@type\":\"ReadAction\",\"target\":[\"https:\\\/\\\/www.krafthand.de\\\/truck\\\/artikel\\\/mahle-klimakompressoren-in-garantierter-erstausruesterqualitaet-23590\\\/\"]}]},{\"@type\":\"ImageObject\",\"inLanguage\":\"de\",\"@id\":\"https:\\\/\\\/www.krafthand.de\\\/truck\\\/artikel\\\/mahle-klimakompressoren-in-garantierter-erstausruesterqualitaet-23590\\\/#primaryimage\",\"url\":\"https:\\\/\\\/static.krafthand-truck.de\\\/uploads\\\/2018\\\/01\\\/kht0417_039.jpg\",\"contentUrl\":\"https:\\\/\\\/static.krafthand-truck.de\\\/uploads\\\/2018\\\/01\\\/kht0417_039.jpg\",\"width\":1200,\"height\":898,\"caption\":\"Coole Komponenten: Seit Kurzem bietet Mahle unter der Marke \u201aMahle Original\u2019 Klimakompressoren f\u00fcr den freien Ersatzmarkt in garantierter Erstausr\u00fcsterqualit\u00e4t an. Es gibt zwei unterschiedliche Produktlinien: Standard und Premium. Bild: Mahle\"},{\"@type\":\"BreadcrumbList\",\"@id\":\"https:\\\/\\\/www.krafthand.de\\\/truck\\\/artikel\\\/mahle-klimakompressoren-in-garantierter-erstausruesterqualitaet-23590\\\/#breadcrumb\",\"itemListElement\":[{\"@type\":\"ListItem\",\"position\":1,\"name\":\"Krafthand-Truck\",\"item\":\"https:\\\/\\\/www.krafthand.de\\\/truck\\\/\"},{\"@type\":\"ListItem\",\"position\":2,\"name\":\"Nfz-Branche\",\"item\":\"https:\\\/\\\/www.krafthand.de\\\/truck\\\/kategorie\\\/branche\\\/\"},{\"@type\":\"ListItem\",\"position\":3,\"name\":\"Mahle: Klimakompressoren in garantierter Erstausr\u00fcsterqualit\u00e4t\"}]},{\"@type\":\"WebSite\",\"@id\":\"https:\\\/\\\/www.krafthand.de\\\/truck\\\/#website\",\"url\":\"https:\\\/\\\/www.krafthand.de\\\/truck\\\/\",\"name\":\"Krafthand-Truck\",\"description\":\"\",\"potentialAction\":[{\"@type\":\"SearchAction\",\"target\":{\"@type\":\"EntryPoint\",\"urlTemplate\":\"https:\\\/\\\/www.krafthand.de\\\/truck\\\/?s={search_term_string}\"},\"query-input\":{\"@type\":\"PropertyValueSpecification\",\"valueRequired\":true,\"valueName\":\"search_term_string\"}}],\"inLanguage\":\"de\"},{\"@type\":\"Person\",\"@id\":\"https:\\\/\\\/www.krafthand.de\\\/truck\\\/#\\\/schema\\\/person\\\/25290391c443ebfc18583f19f72a0c26\",\"name\":\"elisabeth.mair@krafthand.de\",\"image\":{\"@type\":\"ImageObject\",\"inLanguage\":\"de\",\"@id\":\"https:\\\/\\\/secure.gravatar.com\\\/avatar\\\/5f0e25e42e13f6e7631bd6597cd91b90228ead6b823ba81a6c8ee32fe135d72e?s=96&d=mm&r=g\",\"url\":\"https:\\\/\\\/secure.gravatar.com\\\/avatar\\\/5f0e25e42e13f6e7631bd6597cd91b90228ead6b823ba81a6c8ee32fe135d72e?s=96&d=mm&r=g\",\"contentUrl\":\"https:\\\/\\\/secure.gravatar.com\\\/avatar\\\/5f0e25e42e13f6e7631bd6597cd91b90228ead6b823ba81a6c8ee32fe135d72e?s=96&d=mm&r=g\",\"caption\":\"elisabeth.mair@krafthand.de\"}}]}<\/script>\n<!-- \/ Yoast SEO plugin. -->","yoast_head_json":{"title":"Mahle: Klimakompressoren in garantierter Erstausr\u00fcsterqualit\u00e4t - Krafthand-Truck","robots":{"index":"index","follow":"follow","max-snippet":"max-snippet:-1","max-image-preview":"max-image-preview:large","max-video-preview":"max-video-preview:-1"},"canonical":"https:\/\/www.krafthand.de\/truck\/artikel\/mahle-klimakompressoren-in-garantierter-erstausruesterqualitaet-23590\/","og_locale":"de_DE","og_type":"article","og_title":"Mahle: Klimakompressoren in garantierter Erstausr\u00fcsterqualit\u00e4t - Krafthand-Truck","og_description":"Unternehmensangaben zufolge wurde in den vergangenen Monaten das Produktprogramms kr\u00e4ftig erweitert: \u201eNicht nur mit Klimakompressoren, sondern auch mit Klimaserviceger\u00e4ten von \u201aMahle Service Solutions\u2019. Die Verbraucher k\u00f6nnen sich dabei in allen Produktsegmenten auf unsere Entwicklungskompetenz und Erfahrung verlassen\u201c, versichert Henning. Unter der Marke \u201aMahle Original\u2019 werden demnach zwei Produktlinien f\u00fcr Kompressoren angeboten, um den unterschiedlichen Anspr\u00fcchen ... weiter","og_url":"https:\/\/www.krafthand-truck.de\/artikel\/mahle-klimakompressoren-in-garantierter-erstausruesterqualitaet-23590\/","og_site_name":"Krafthand-Truck","article_published_time":"2018-01-25T06:30:31+00:00","article_modified_time":"2018-02-01T08:51:27+00:00","og_image":[{"width":1200,"height":898,"url":"https:\/\/www.krafthand.de\/truck\/wp-content\/uploads\/2018\/01\/kht0417_039.jpg","type":"image\/jpeg"}],"author":"elisabeth.mair@krafthand.de","twitter_card":"summary_large_image","twitter_misc":{"Verfasst von":"elisabeth.mair@krafthand.de","Gesch\u00e4tzte Lesezeit":"1\u00a0Minute"},"schema":{"@context":"https:\/\/schema.org","@graph":[{"@type":"Article","@id":"https:\/\/www.krafthand.de\/truck\/artikel\/mahle-klimakompressoren-in-garantierter-erstausruesterqualitaet-23590\/#article","isPartOf":{"@id":"https:\/\/www.krafthand.de\/truck\/artikel\/mahle-klimakompressoren-in-garantierter-erstausruesterqualitaet-23590\/"},"author":{"name":"elisabeth.mair@krafthand.de","@id":"https:\/\/www.krafthand.de\/truck\/#\/schema\/person\/25290391c443ebfc18583f19f72a0c26"},"headline":"Mahle: Klimakompressoren in garantierter Erstausr\u00fcsterqualit\u00e4t","datePublished":"2018-01-25T06:30:31+00:00","dateModified":"2018-02-01T08:51:27+00:00","mainEntityOfPage":{"@id":"https:\/\/www.krafthand.de\/truck\/artikel\/mahle-klimakompressoren-in-garantierter-erstausruesterqualitaet-23590\/"},"wordCount":189,"image":{"@id":"https:\/\/www.krafthand.de\/truck\/artikel\/mahle-klimakompressoren-in-garantierter-erstausruesterqualitaet-23590\/#primaryimage"},"thumbnailUrl":"https:\/\/static.krafthand-truck.de\/uploads\/2018\/01\/kht0417_039.jpg","keywords":["Delphi Automotive PLC","Erstausr\u00fcsterqualit\u00e4t","Klimakompressoren","Klimaserviceger\u00e4te","Mahle Aftermarket"],"articleSection":["Nfz-Branche"],"inLanguage":"de"},{"@type":"WebPage","@id":"https:\/\/www.krafthand.de\/truck\/artikel\/mahle-klimakompressoren-in-garantierter-erstausruesterqualitaet-23590\/","url":"https:\/\/www.krafthand.de\/truck\/artikel\/mahle-klimakompressoren-in-garantierter-erstausruesterqualitaet-23590\/","name":"Mahle: Klimakompressoren in garantierter Erstausr\u00fcsterqualit\u00e4t - Krafthand-Truck","isPartOf":{"@id":"https:\/\/www.krafthand.de\/truck\/#website"},"primaryImageOfPage":{"@id":"https:\/\/www.krafthand.de\/truck\/artikel\/mahle-klimakompressoren-in-garantierter-erstausruesterqualitaet-23590\/#primaryimage"},"image":{"@id":"https:\/\/www.krafthand.de\/truck\/artikel\/mahle-klimakompressoren-in-garantierter-erstausruesterqualitaet-23590\/#primaryimage"},"thumbnailUrl":"https:\/\/static.krafthand-truck.de\/uploads\/2018\/01\/kht0417_039.jpg","datePublished":"2018-01-25T06:30:31+00:00","dateModified":"2018-02-01T08:51:27+00:00","author":{"@id":"https:\/\/www.krafthand.de\/truck\/#\/schema\/person\/25290391c443ebfc18583f19f72a0c26"},"breadcrumb":{"@id":"https:\/\/www.krafthand.de\/truck\/artikel\/mahle-klimakompressoren-in-garantierter-erstausruesterqualitaet-23590\/#breadcrumb"},"inLanguage":"de","potentialAction":[{"@type":"ReadAction","target":["https:\/\/www.krafthand.de\/truck\/artikel\/mahle-klimakompressoren-in-garantierter-erstausruesterqualitaet-23590\/"]}]},{"@type":"ImageObject","inLanguage":"de","@id":"https:\/\/www.krafthand.de\/truck\/artikel\/mahle-klimakompressoren-in-garantierter-erstausruesterqualitaet-23590\/#primaryimage","url":"https:\/\/static.krafthand-truck.de\/uploads\/2018\/01\/kht0417_039.jpg","contentUrl":"https:\/\/static.krafthand-truck.de\/uploads\/2018\/01\/kht0417_039.jpg","width":1200,"height":898,"caption":"Coole Komponenten: Seit Kurzem bietet Mahle unter der Marke \u201aMahle Original\u2019 Klimakompressoren f\u00fcr den freien Ersatzmarkt in garantierter Erstausr\u00fcsterqualit\u00e4t an. Es gibt zwei unterschiedliche Produktlinien: Standard und Premium. Bild: Mahle"},{"@type":"BreadcrumbList","@id":"https:\/\/www.krafthand.de\/truck\/artikel\/mahle-klimakompressoren-in-garantierter-erstausruesterqualitaet-23590\/#breadcrumb","itemListElement":[{"@type":"ListItem","position":1,"name":"Krafthand-Truck","item":"https:\/\/www.krafthand.de\/truck\/"},{"@type":"ListItem","position":2,"name":"Nfz-Branche","item":"https:\/\/www.krafthand.de\/truck\/kategorie\/branche\/"},{"@type":"ListItem","position":3,"name":"Mahle: Klimakompressoren in garantierter Erstausr\u00fcsterqualit\u00e4t"}]},{"@type":"WebSite","@id":"https:\/\/www.krafthand.de\/truck\/#website","url":"https:\/\/www.krafthand.de\/truck\/","name":"Krafthand-Truck","description":"","potentialAction":[{"@type":"SearchAction","target":{"@type":"EntryPoint","urlTemplate":"https:\/\/www.krafthand.de\/truck\/?s={search_term_string}"},"query-input":{"@type":"PropertyValueSpecification","valueRequired":true,"valueName":"search_term_string"}}],"inLanguage":"de"},{"@type":"Person","@id":"https:\/\/www.krafthand.de\/truck\/#\/schema\/person\/25290391c443ebfc18583f19f72a0c26","name":"elisabeth.mair@krafthand.de","image":{"@type":"ImageObject","inLanguage":"de","@id":"https:\/\/secure.gravatar.com\/avatar\/5f0e25e42e13f6e7631bd6597cd91b90228ead6b823ba81a6c8ee32fe135d72e?s=96&d=mm&r=g","url":"https:\/\/secure.gravatar.com\/avatar\/5f0e25e42e13f6e7631bd6597cd91b90228ead6b823ba81a6c8ee32fe135d72e?s=96&d=mm&r=g","contentUrl":"https:\/\/secure.gravatar.com\/avatar\/5f0e25e42e13f6e7631bd6597cd91b90228ead6b823ba81a6c8ee32fe135d72e?s=96&d=mm&r=g","caption":"elisabeth.mair@krafthand.de"}}]}},"_links":{"self":[{"href":"https:\/\/www.krafthand.de\/truck\/wp-json\/wp\/v2\/posts\/23590","targetHints":{"allow":["GET"]}}],"collection":[{"href":"https:\/\/www.krafthand.de\/truck\/wp-json\/wp\/v2\/posts"}],"about":[{"href":"https:\/\/www.krafthand.de\/truck\/wp-json\/wp\/v2\/types\/post"}],"author":[{"embeddable":true,"href":"https:\/\/www.krafthand.de\/truck\/wp-json\/wp\/v2\/users\/6"}],"replies":[{"embeddable":true,"href":"https:\/\/www.krafthand.de\/truck\/wp-json\/wp\/v2\/comments?post=23590"}],"version-history":[{"count":2,"href":"https:\/\/www.krafthand.de\/truck\/wp-json\/wp\/v2\/posts\/23590\/revisions"}],"predecessor-version":[{"id":23642,"href":"https:\/\/www.krafthand.de\/truck\/wp-json\/wp\/v2\/posts\/23590\/revisions\/23642"}],"wp:featuredmedia":[{"embeddable":true,"href":"https:\/\/www.krafthand.de\/truck\/wp-json\/wp\/v2\/media\/23592"}],"wp:attachment":[{"href":"https:\/\/www.krafthand.de\/truck\/wp-json\/wp\/v2\/media?parent=23590"}],"wp:term":[{"taxonomy":"category","embeddable":true,"href":"https:\/\/www.krafthand.de\/truck\/wp-json\/wp\/v2\/categories?post=23590"},{"taxonomy":"post_tag","embeddable":true,"href":"https:\/\/www.krafthand.de\/truck\/wp-json\/wp\/v2\/tags?post=23590"},{"taxonomy":"settings","embeddable":true,"href":"https:\/\/www.krafthand.de\/truck\/wp-json\/wp\/v2\/settings?post=23590"}],"curies":[{"name":"wp","href":"https:\/\/api.w.org\/{rel}","templated":true}]}}