{"id":2327,"date":"2015-04-22T07:31:42","date_gmt":"2015-04-22T05:31:42","guid":{"rendered":"https:\/\/www.krafthand.de\/truck\/2015\/04\/22\/sogefi-marktabdeckung-im-aftermarktsortiment-steigt\/"},"modified":"2015-04-22T07:31:42","modified_gmt":"2015-04-22T05:31:42","slug":"sogefi-marktabdeckung-im-aftermarktsortiment-steigt","status":"publish","type":"post","link":"https:\/\/www.krafthand.de\/truck\/artikel\/sogefi-marktabdeckung-im-aftermarktsortiment-steigt-2327\/","title":{"rendered":"Sogefi: Marktabdeckung im Aftermarktsortiment steigt"},"content":{"rendered":"<p class=\"text-colored\">Hinter der Marke \u201eSogefi Pro\u201c verbirgt sich das Schwerlast-Filterprogramm des italienischen Zulieferers Sogefi. Seit der Markteinf\u00fchrung im Sommer 2013 bietet der Filterspezialist damit ein ma\u00dfgeschneidertes Aftermarktsortiment f\u00fcr leichte Nutzfahrzeuge, Lkw und Busse an. Konnte das Unternehmen nach eigenem Bekunden beim Marktstart bereits respektable 90 Prozent des europ\u00e4ischen Fuhrparks abdecken, sollen es mittlerweile 93 Prozent sein.<\/p>\n<p>Zum Portfolio der Marke geh\u00f6ren \u00d6lfilter, Luftfilter f\u00fcr den Prim\u00e4r- und Sekund\u00e4rkreis, Kraftstoff- und Kraftstoffvorfilter, Innenraumfilter, Hydraulikfilter f\u00fcr Schaltung, Lenkung und Getriebe, Lufttrockner, K\u00fchlwasser- sowie Harnstofffilter, wobei das Sortiment nach eigenen Angaben derzeit rund 520 Referenzen umfasst (Stand Dezember 2014). Bei der Produktqualit\u00e4t orientiere man sich an den OE-Anforderungen \u2013 nicht zuletzt, weil Sogefi als bei zahlreichen Modellen der Marken DAF, JCB, Perkins, Mercedes-Benz und Volvo, als Erstausr\u00fcster vertreten ist.<br \/>\nEin wichtiges Anliegen ist den italienischen Filterspezialisten nach eigenem Bekunden die Unterst\u00fctzung von Werkst\u00e4tten und Fachh\u00e4ndlern mit Know How in Form von Schulungen, technischen Informationen, Montageanleitungen und einem w\u00f6chentlichen Newsletter, der unter anderem wichtige Produktinformationen enth\u00e4lt und \u00fcber Programmaktualisierungen berichtet. Zudem gibt es quartalsweise Bulletins, welche Information \u00fcber Produkte in der Erstausstattung, eine Vorschau auf Neuaufnahmen von Aftermarktprodukten sowie einen \u00dcberblick \u00fcber den Austausch von Produkten im Folgequartal liefern.<\/p>\n<p><b>Sogefi Filtration Deutschland<\/b>, Ludwigsburg, Tel. 0 71 41 \/ 2 92 09 11,  <a href=\"http:\/\/www.sogefipro.com\/\" target=\"_blank\">www.sogefipro.com; http:\/\/www.sogefigroup.com<\/a><\/p>\n","protected":false},"excerpt":{"rendered":"<p>Hinter der Marke \u201eSogefi Pro\u201c verbirgt sich das Schwerlast-Filterprogramm des italienischen Zulieferers Sogefi. Seit der Markteinf\u00fchrung im Sommer 2013 bietet der Filterspezialist damit ein ma\u00dfgeschneidertes Aftermarktsortiment f\u00fcr leichte Nutzfahrzeuge, Lkw und Busse an. Konnte das Unternehmen nach eigenem Bekunden beim Marktstart bereits respektable 90 Prozent des europ\u00e4ischen Fuhrparks abdecken, sollen es mittlerweile 93 Prozent sein. <span class=\"excerpt-more__dots\">&#8230;<\/span> <a class=\"excerpt-more__link\" href=\"https:\/\/www.krafthand.de\/truck\/artikel\/sogefi-marktabdeckung-im-aftermarktsortiment-steigt-2327\/\" >weiter<\/a><\/p>\n","protected":false},"author":3,"featured_media":2328,"comment_status":"closed","ping_status":"closed","sticky":false,"template":"","format":"standard","meta":{"footnotes":""},"categories":[5],"tags":[222,1845,1846,476,56,26,1351,1844],"settings":[],"class_list":["post-2327","post","type-post","status-publish","format-standard","has-post-thumbnail","hentry","category-branche","tag-bus","tag-filterprogramm","tag-filterspezialist","tag-fuhrpark","tag-lkw","tag-nutzfahrzeug","tag-sogefi","tag-sogefi-pro"],"yoast_head":"<!-- This site is optimized with the Yoast SEO plugin v27.3 - https:\/\/yoast.com\/product\/yoast-seo-wordpress\/ -->\n<title>Sogefi: Marktabdeckung im Aftermarktsortiment steigt - Krafthand-Truck<\/title>\n<meta name=\"robots\" content=\"index, follow, max-snippet:-1, max-image-preview:large, max-video-preview:-1\" \/>\n<link rel=\"canonical\" href=\"https:\/\/www.krafthand.de\/truck\/artikel\/sogefi-marktabdeckung-im-aftermarktsortiment-steigt-2327\/\" \/>\n<meta property=\"og:locale\" content=\"de_DE\" \/>\n<meta property=\"og:type\" content=\"article\" \/>\n<meta property=\"og:title\" content=\"Sogefi: Marktabdeckung im Aftermarktsortiment steigt - Krafthand-Truck\" \/>\n<meta property=\"og:description\" content=\"Hinter der Marke \u201eSogefi Pro\u201c verbirgt sich das Schwerlast-Filterprogramm des italienischen Zulieferers Sogefi. Seit der Markteinf\u00fchrung im Sommer 2013 bietet der Filterspezialist damit ein ma\u00dfgeschneidertes Aftermarktsortiment f\u00fcr leichte Nutzfahrzeuge, Lkw und Busse an. Konnte das Unternehmen nach eigenem Bekunden beim Marktstart bereits respektable 90 Prozent des europ\u00e4ischen Fuhrparks abdecken, sollen es mittlerweile 93 Prozent sein. ... weiter\" \/>\n<meta property=\"og:url\" content=\"https:\/\/www.krafthand-truck.de\/artikel\/sogefi-marktabdeckung-im-aftermarktsortiment-steigt-2327\/\" \/>\n<meta property=\"og:site_name\" content=\"Krafthand-Truck\" \/>\n<meta property=\"article:published_time\" content=\"2015-04-22T05:31:42+00:00\" \/>\n<meta property=\"og:image\" content=\"https:\/\/www.krafthand.de\/truck\/wp-content\/uploads\/2015\/04\/Sogefi_-1.jpg\" \/>\n\t<meta property=\"og:image:width\" content=\"1000\" \/>\n\t<meta property=\"og:image:height\" content=\"703\" \/>\n\t<meta property=\"og:image:type\" content=\"image\/jpeg\" \/>\n<meta name=\"author\" content=\"katja.heid@krafthand.de\" \/>\n<meta name=\"twitter:card\" content=\"summary_large_image\" \/>\n<meta name=\"twitter:label1\" content=\"Verfasst von\" \/>\n\t<meta name=\"twitter:data1\" content=\"katja.heid@krafthand.de\" \/>\n\t<meta name=\"twitter:label2\" content=\"Gesch\u00e4tzte Lesezeit\" \/>\n\t<meta name=\"twitter:data2\" content=\"1\u00a0Minute\" \/>\n<script type=\"application\/ld+json\" class=\"yoast-schema-graph\">{\"@context\":\"https:\\\/\\\/schema.org\",\"@graph\":[{\"@type\":\"Article\",\"@id\":\"https:\\\/\\\/www.krafthand.de\\\/truck\\\/artikel\\\/sogefi-marktabdeckung-im-aftermarktsortiment-steigt-2327\\\/#article\",\"isPartOf\":{\"@id\":\"https:\\\/\\\/www.krafthand.de\\\/truck\\\/artikel\\\/sogefi-marktabdeckung-im-aftermarktsortiment-steigt-2327\\\/\"},\"author\":{\"name\":\"katja.heid@krafthand.de\",\"@id\":\"https:\\\/\\\/www.krafthand.de\\\/truck\\\/#\\\/schema\\\/person\\\/8e290c6d425b72d176adc7767a251001\"},\"headline\":\"Sogefi: Marktabdeckung im Aftermarktsortiment steigt\",\"datePublished\":\"2015-04-22T05:31:42+00:00\",\"mainEntityOfPage\":{\"@id\":\"https:\\\/\\\/www.krafthand.de\\\/truck\\\/artikel\\\/sogefi-marktabdeckung-im-aftermarktsortiment-steigt-2327\\\/\"},\"wordCount\":224,\"image\":{\"@id\":\"https:\\\/\\\/www.krafthand.de\\\/truck\\\/artikel\\\/sogefi-marktabdeckung-im-aftermarktsortiment-steigt-2327\\\/#primaryimage\"},\"thumbnailUrl\":\"https:\\\/\\\/static.krafthand-truck.de\\\/uploads\\\/2015\\\/04\\\/Sogefi_-1.jpg\",\"keywords\":[\"Bus\",\"Filterprogramm\",\"Filterspezialist\",\"Fuhrpark\",\"Lkw\",\"Nutzfahrzeug\",\"Sogefi\",\"Sogefi Pro\"],\"articleSection\":[\"Nfz-Branche\"],\"inLanguage\":\"de\"},{\"@type\":\"WebPage\",\"@id\":\"https:\\\/\\\/www.krafthand.de\\\/truck\\\/artikel\\\/sogefi-marktabdeckung-im-aftermarktsortiment-steigt-2327\\\/\",\"url\":\"https:\\\/\\\/www.krafthand.de\\\/truck\\\/artikel\\\/sogefi-marktabdeckung-im-aftermarktsortiment-steigt-2327\\\/\",\"name\":\"Sogefi: Marktabdeckung im Aftermarktsortiment steigt - Krafthand-Truck\",\"isPartOf\":{\"@id\":\"https:\\\/\\\/www.krafthand.de\\\/truck\\\/#website\"},\"primaryImageOfPage\":{\"@id\":\"https:\\\/\\\/www.krafthand.de\\\/truck\\\/artikel\\\/sogefi-marktabdeckung-im-aftermarktsortiment-steigt-2327\\\/#primaryimage\"},\"image\":{\"@id\":\"https:\\\/\\\/www.krafthand.de\\\/truck\\\/artikel\\\/sogefi-marktabdeckung-im-aftermarktsortiment-steigt-2327\\\/#primaryimage\"},\"thumbnailUrl\":\"https:\\\/\\\/static.krafthand-truck.de\\\/uploads\\\/2015\\\/04\\\/Sogefi_-1.jpg\",\"datePublished\":\"2015-04-22T05:31:42+00:00\",\"author\":{\"@id\":\"https:\\\/\\\/www.krafthand.de\\\/truck\\\/#\\\/schema\\\/person\\\/8e290c6d425b72d176adc7767a251001\"},\"breadcrumb\":{\"@id\":\"https:\\\/\\\/www.krafthand.de\\\/truck\\\/artikel\\\/sogefi-marktabdeckung-im-aftermarktsortiment-steigt-2327\\\/#breadcrumb\"},\"inLanguage\":\"de\",\"potentialAction\":[{\"@type\":\"ReadAction\",\"target\":[\"https:\\\/\\\/www.krafthand.de\\\/truck\\\/artikel\\\/sogefi-marktabdeckung-im-aftermarktsortiment-steigt-2327\\\/\"]}]},{\"@type\":\"ImageObject\",\"inLanguage\":\"de\",\"@id\":\"https:\\\/\\\/www.krafthand.de\\\/truck\\\/artikel\\\/sogefi-marktabdeckung-im-aftermarktsortiment-steigt-2327\\\/#primaryimage\",\"url\":\"https:\\\/\\\/static.krafthand-truck.de\\\/uploads\\\/2015\\\/04\\\/Sogefi_-1.jpg\",\"contentUrl\":\"https:\\\/\\\/static.krafthand-truck.de\\\/uploads\\\/2015\\\/04\\\/Sogefi_-1.jpg\",\"width\":1000,\"height\":703,\"caption\":\"Permanent wachsend: Seit Sommer 2013 ist die Marke \u201eSogefi Pro\u201c mit einem breit angelegten Aftermarktsortiment f\u00fcr leichte Nutzfahrzeuge, Lkw und Busse am Markt. Im aktuellen \u201eSogefi Pro-Filterkatalog 2015\u201c gibt es 79 Neuaufnahmen f\u00fcr 390 neue Anwendungen \u2013 darunter zahlreiche Filter f\u00fcr aktuelle Euro VI-Modelle. Bild: Sogefi\"},{\"@type\":\"BreadcrumbList\",\"@id\":\"https:\\\/\\\/www.krafthand.de\\\/truck\\\/artikel\\\/sogefi-marktabdeckung-im-aftermarktsortiment-steigt-2327\\\/#breadcrumb\",\"itemListElement\":[{\"@type\":\"ListItem\",\"position\":1,\"name\":\"Krafthand-Truck\",\"item\":\"https:\\\/\\\/www.krafthand.de\\\/truck\\\/\"},{\"@type\":\"ListItem\",\"position\":2,\"name\":\"Nfz-Branche\",\"item\":\"https:\\\/\\\/www.krafthand.de\\\/truck\\\/kategorie\\\/branche\\\/\"},{\"@type\":\"ListItem\",\"position\":3,\"name\":\"Sogefi: Marktabdeckung im Aftermarktsortiment steigt\"}]},{\"@type\":\"WebSite\",\"@id\":\"https:\\\/\\\/www.krafthand.de\\\/truck\\\/#website\",\"url\":\"https:\\\/\\\/www.krafthand.de\\\/truck\\\/\",\"name\":\"Krafthand-Truck\",\"description\":\"\",\"potentialAction\":[{\"@type\":\"SearchAction\",\"target\":{\"@type\":\"EntryPoint\",\"urlTemplate\":\"https:\\\/\\\/www.krafthand.de\\\/truck\\\/?s={search_term_string}\"},\"query-input\":{\"@type\":\"PropertyValueSpecification\",\"valueRequired\":true,\"valueName\":\"search_term_string\"}}],\"inLanguage\":\"de\"},{\"@type\":\"Person\",\"@id\":\"https:\\\/\\\/www.krafthand.de\\\/truck\\\/#\\\/schema\\\/person\\\/8e290c6d425b72d176adc7767a251001\",\"name\":\"katja.heid@krafthand.de\",\"image\":{\"@type\":\"ImageObject\",\"inLanguage\":\"de\",\"@id\":\"https:\\\/\\\/secure.gravatar.com\\\/avatar\\\/9a2930c54ede0e0a76c0f8abfb74704de273084f2aa0e3c6deb2c86704c7402b?s=96&d=mm&r=g\",\"url\":\"https:\\\/\\\/secure.gravatar.com\\\/avatar\\\/9a2930c54ede0e0a76c0f8abfb74704de273084f2aa0e3c6deb2c86704c7402b?s=96&d=mm&r=g\",\"contentUrl\":\"https:\\\/\\\/secure.gravatar.com\\\/avatar\\\/9a2930c54ede0e0a76c0f8abfb74704de273084f2aa0e3c6deb2c86704c7402b?s=96&d=mm&r=g\",\"caption\":\"katja.heid@krafthand.de\"}}]}<\/script>\n<!-- \/ Yoast SEO plugin. -->","yoast_head_json":{"title":"Sogefi: Marktabdeckung im Aftermarktsortiment steigt - Krafthand-Truck","robots":{"index":"index","follow":"follow","max-snippet":"max-snippet:-1","max-image-preview":"max-image-preview:large","max-video-preview":"max-video-preview:-1"},"canonical":"https:\/\/www.krafthand.de\/truck\/artikel\/sogefi-marktabdeckung-im-aftermarktsortiment-steigt-2327\/","og_locale":"de_DE","og_type":"article","og_title":"Sogefi: Marktabdeckung im Aftermarktsortiment steigt - Krafthand-Truck","og_description":"Hinter der Marke \u201eSogefi Pro\u201c verbirgt sich das Schwerlast-Filterprogramm des italienischen Zulieferers Sogefi. Seit der Markteinf\u00fchrung im Sommer 2013 bietet der Filterspezialist damit ein ma\u00dfgeschneidertes Aftermarktsortiment f\u00fcr leichte Nutzfahrzeuge, Lkw und Busse an. Konnte das Unternehmen nach eigenem Bekunden beim Marktstart bereits respektable 90 Prozent des europ\u00e4ischen Fuhrparks abdecken, sollen es mittlerweile 93 Prozent sein. ... weiter","og_url":"https:\/\/www.krafthand-truck.de\/artikel\/sogefi-marktabdeckung-im-aftermarktsortiment-steigt-2327\/","og_site_name":"Krafthand-Truck","article_published_time":"2015-04-22T05:31:42+00:00","og_image":[{"width":1000,"height":703,"url":"https:\/\/www.krafthand.de\/truck\/wp-content\/uploads\/2015\/04\/Sogefi_-1.jpg","type":"image\/jpeg"}],"author":"katja.heid@krafthand.de","twitter_card":"summary_large_image","twitter_misc":{"Verfasst von":"katja.heid@krafthand.de","Gesch\u00e4tzte Lesezeit":"1\u00a0Minute"},"schema":{"@context":"https:\/\/schema.org","@graph":[{"@type":"Article","@id":"https:\/\/www.krafthand.de\/truck\/artikel\/sogefi-marktabdeckung-im-aftermarktsortiment-steigt-2327\/#article","isPartOf":{"@id":"https:\/\/www.krafthand.de\/truck\/artikel\/sogefi-marktabdeckung-im-aftermarktsortiment-steigt-2327\/"},"author":{"name":"katja.heid@krafthand.de","@id":"https:\/\/www.krafthand.de\/truck\/#\/schema\/person\/8e290c6d425b72d176adc7767a251001"},"headline":"Sogefi: Marktabdeckung im Aftermarktsortiment steigt","datePublished":"2015-04-22T05:31:42+00:00","mainEntityOfPage":{"@id":"https:\/\/www.krafthand.de\/truck\/artikel\/sogefi-marktabdeckung-im-aftermarktsortiment-steigt-2327\/"},"wordCount":224,"image":{"@id":"https:\/\/www.krafthand.de\/truck\/artikel\/sogefi-marktabdeckung-im-aftermarktsortiment-steigt-2327\/#primaryimage"},"thumbnailUrl":"https:\/\/static.krafthand-truck.de\/uploads\/2015\/04\/Sogefi_-1.jpg","keywords":["Bus","Filterprogramm","Filterspezialist","Fuhrpark","Lkw","Nutzfahrzeug","Sogefi","Sogefi Pro"],"articleSection":["Nfz-Branche"],"inLanguage":"de"},{"@type":"WebPage","@id":"https:\/\/www.krafthand.de\/truck\/artikel\/sogefi-marktabdeckung-im-aftermarktsortiment-steigt-2327\/","url":"https:\/\/www.krafthand.de\/truck\/artikel\/sogefi-marktabdeckung-im-aftermarktsortiment-steigt-2327\/","name":"Sogefi: Marktabdeckung im Aftermarktsortiment steigt - Krafthand-Truck","isPartOf":{"@id":"https:\/\/www.krafthand.de\/truck\/#website"},"primaryImageOfPage":{"@id":"https:\/\/www.krafthand.de\/truck\/artikel\/sogefi-marktabdeckung-im-aftermarktsortiment-steigt-2327\/#primaryimage"},"image":{"@id":"https:\/\/www.krafthand.de\/truck\/artikel\/sogefi-marktabdeckung-im-aftermarktsortiment-steigt-2327\/#primaryimage"},"thumbnailUrl":"https:\/\/static.krafthand-truck.de\/uploads\/2015\/04\/Sogefi_-1.jpg","datePublished":"2015-04-22T05:31:42+00:00","author":{"@id":"https:\/\/www.krafthand.de\/truck\/#\/schema\/person\/8e290c6d425b72d176adc7767a251001"},"breadcrumb":{"@id":"https:\/\/www.krafthand.de\/truck\/artikel\/sogefi-marktabdeckung-im-aftermarktsortiment-steigt-2327\/#breadcrumb"},"inLanguage":"de","potentialAction":[{"@type":"ReadAction","target":["https:\/\/www.krafthand.de\/truck\/artikel\/sogefi-marktabdeckung-im-aftermarktsortiment-steigt-2327\/"]}]},{"@type":"ImageObject","inLanguage":"de","@id":"https:\/\/www.krafthand.de\/truck\/artikel\/sogefi-marktabdeckung-im-aftermarktsortiment-steigt-2327\/#primaryimage","url":"https:\/\/static.krafthand-truck.de\/uploads\/2015\/04\/Sogefi_-1.jpg","contentUrl":"https:\/\/static.krafthand-truck.de\/uploads\/2015\/04\/Sogefi_-1.jpg","width":1000,"height":703,"caption":"Permanent wachsend: Seit Sommer 2013 ist die Marke \u201eSogefi Pro\u201c mit einem breit angelegten Aftermarktsortiment f\u00fcr leichte Nutzfahrzeuge, Lkw und Busse am Markt. Im aktuellen \u201eSogefi Pro-Filterkatalog 2015\u201c gibt es 79 Neuaufnahmen f\u00fcr 390 neue Anwendungen \u2013 darunter zahlreiche Filter f\u00fcr aktuelle Euro VI-Modelle. Bild: Sogefi"},{"@type":"BreadcrumbList","@id":"https:\/\/www.krafthand.de\/truck\/artikel\/sogefi-marktabdeckung-im-aftermarktsortiment-steigt-2327\/#breadcrumb","itemListElement":[{"@type":"ListItem","position":1,"name":"Krafthand-Truck","item":"https:\/\/www.krafthand.de\/truck\/"},{"@type":"ListItem","position":2,"name":"Nfz-Branche","item":"https:\/\/www.krafthand.de\/truck\/kategorie\/branche\/"},{"@type":"ListItem","position":3,"name":"Sogefi: Marktabdeckung im Aftermarktsortiment steigt"}]},{"@type":"WebSite","@id":"https:\/\/www.krafthand.de\/truck\/#website","url":"https:\/\/www.krafthand.de\/truck\/","name":"Krafthand-Truck","description":"","potentialAction":[{"@type":"SearchAction","target":{"@type":"EntryPoint","urlTemplate":"https:\/\/www.krafthand.de\/truck\/?s={search_term_string}"},"query-input":{"@type":"PropertyValueSpecification","valueRequired":true,"valueName":"search_term_string"}}],"inLanguage":"de"},{"@type":"Person","@id":"https:\/\/www.krafthand.de\/truck\/#\/schema\/person\/8e290c6d425b72d176adc7767a251001","name":"katja.heid@krafthand.de","image":{"@type":"ImageObject","inLanguage":"de","@id":"https:\/\/secure.gravatar.com\/avatar\/9a2930c54ede0e0a76c0f8abfb74704de273084f2aa0e3c6deb2c86704c7402b?s=96&d=mm&r=g","url":"https:\/\/secure.gravatar.com\/avatar\/9a2930c54ede0e0a76c0f8abfb74704de273084f2aa0e3c6deb2c86704c7402b?s=96&d=mm&r=g","contentUrl":"https:\/\/secure.gravatar.com\/avatar\/9a2930c54ede0e0a76c0f8abfb74704de273084f2aa0e3c6deb2c86704c7402b?s=96&d=mm&r=g","caption":"katja.heid@krafthand.de"}}]}},"_links":{"self":[{"href":"https:\/\/www.krafthand.de\/truck\/wp-json\/wp\/v2\/posts\/2327","targetHints":{"allow":["GET"]}}],"collection":[{"href":"https:\/\/www.krafthand.de\/truck\/wp-json\/wp\/v2\/posts"}],"about":[{"href":"https:\/\/www.krafthand.de\/truck\/wp-json\/wp\/v2\/types\/post"}],"author":[{"embeddable":true,"href":"https:\/\/www.krafthand.de\/truck\/wp-json\/wp\/v2\/users\/3"}],"replies":[{"embeddable":true,"href":"https:\/\/www.krafthand.de\/truck\/wp-json\/wp\/v2\/comments?post=2327"}],"version-history":[{"count":0,"href":"https:\/\/www.krafthand.de\/truck\/wp-json\/wp\/v2\/posts\/2327\/revisions"}],"wp:featuredmedia":[{"embeddable":true,"href":"https:\/\/www.krafthand.de\/truck\/wp-json\/wp\/v2\/media\/2328"}],"wp:attachment":[{"href":"https:\/\/www.krafthand.de\/truck\/wp-json\/wp\/v2\/media?parent=2327"}],"wp:term":[{"taxonomy":"category","embeddable":true,"href":"https:\/\/www.krafthand.de\/truck\/wp-json\/wp\/v2\/categories?post=2327"},{"taxonomy":"post_tag","embeddable":true,"href":"https:\/\/www.krafthand.de\/truck\/wp-json\/wp\/v2\/tags?post=2327"},{"taxonomy":"settings","embeddable":true,"href":"https:\/\/www.krafthand.de\/truck\/wp-json\/wp\/v2\/settings?post=2327"}],"curies":[{"name":"wp","href":"https:\/\/api.w.org\/{rel}","templated":true}]}}