{"id":2258,"date":"2015-02-13T08:06:25","date_gmt":"2015-02-13T07:06:25","guid":{"rendered":"https:\/\/www.krafthand.de\/truck\/2015\/02\/13\/mann-filter-bringt-neuen-innenraumfilter-fuer-transporter-auf-den-markt\/"},"modified":"2015-02-13T08:06:25","modified_gmt":"2015-02-13T07:06:25","slug":"mann-filter-bringt-neuen-innenraumfilter-fuer-transporter-auf-den-markt","status":"publish","type":"post","link":"https:\/\/www.krafthand.de\/truck\/artikel\/mann-filter-bringt-neuen-innenraumfilter-fuer-transporter-auf-den-markt-2258\/","title":{"rendered":"Mann-Filter bringt neuen Innenraumfilter f\u00fcr Transporter auf den Markt"},"content":{"rendered":"<p class=\"text-colored\">Laut Berichten der Weltgesundheits-Organisation z\u00e4hlen Allergien zu den vierth\u00e4ufigsten chronischen Erkrankungen weltweit. In Deutschland sind etwa 20 &#8211; 25 Prozent der Bev\u00f6lkerung davon betroffen.<\/p>\n<p>Allergien werden auch aufgrund von Belastungen durch verschiedene Feinstaubpartikel beg\u00fcnstigt, die besonders Bewohner gr\u00f6\u00dferer St\u00e4dte und Industriestandorte gef\u00e4hrden.<\/p>\n<p><b>Barriere gegen Allergene und Bakterien<br \/><\/b>Auch in Fahrzeugen sorgen Pollen, Bakterien und andere Kleinstpartikel f\u00fcr allergische Reaktionen bei anf\u00e4lligen Fahrzeuginsassen. Mit dem neuen Innenraumfilter Frecious-Plus m\u00f6chte Mann+Hummel genau dort ansetzen. Der Filtrationsspezialist hat eine neue Filterlage mit biofunktionaler Beschichtung entwickelt, die nicht nur Allergene bindet. Sie reduziert auch das Wachstum von Bakterien und Schimmelpilzen um mehr als 98 Prozent und verhindert, dass diese durch die L\u00fcftung in die Fahrerkabine gelangen. Durch den Einsatz von hochwertigem Aktivkohle-Granulat werden Ger\u00fcche und Schadgase wie Ozon, Schwefeldioxid oder Stickoxid eliminiert.<\/p>\n<p>Ihre antiallergene Funktion erh\u00e4lt die neue Filterschicht durch eine nat\u00fcrlich gewonnene Polyphenolbeschichtung. Sie wirkt wie ein K\u00e4fig f\u00fcr Allergene und bindet diese um mehr als 98 Prozent. Polyphenole kommen in der Natur in verschiedenen Pflanzen vor wie zum Beispiel in gr\u00fcnem Tee, Granatapfel oder Zitrusfr\u00fcchten und k\u00f6nnen Allergene binden und somit unsch\u00e4dlich machen.<br \/>\n<b>Feinstaub<br \/><\/b>Auch das Eindringen von gesundheitssch\u00e4dlichem Feinstaub wird durch das Filtermedium zu nahezu 100 Prozent gestoppt. Zu Feinstaub z\u00e4hlen Partikel, deren Durchmesser etwa 70 Mal kleiner als ein menschliches Haar ist. Diese Partikel sind gef\u00e4hrlich, weil sie tief in die Lunge eindringen k\u00f6nnen. Die kleinsten unter ihnen gelangen \u00fcber die Lungenbl\u00e4schen sogar in den Blutkreislauf und k\u00f6nnen Gesundheitssch\u00e4den wie Herz-Kreislauf-Erkrankungen hervorrufen und die Lebenserwartung senken. <\/p>\n<p>Unter  <a href=\"http:\/\/www.frecious-plus.com\/\" target=\"_blank\">www.frecious-plus.com<\/a> k\u00f6nnen sich Vielfahrer, Gro\u00dfhandel, Fuhrparkleiter und Werkst\u00e4tten \u00fcber die Produktneuheit und deren Funktionen informieren. Dort ist der passende Innenraumfilter f\u00fcr das jeweilige Fahrzeug zu finden. Werkst\u00e4tten und H\u00e4ndler erhalten bei Werksbesuchen ein spezifisches Frecious-Plus Training. Frecious-Plus ist seit Februar 2015 f\u00fcr ausgew\u00e4hlte Transporter im deutschen und \u00f6sterreichischen Handel erh\u00e4ltlich. Weitere M\u00e4rkte folgen zu einem sp\u00e4teren Zeitpunkt.<\/p>\n<p>Im Hinblick auf die hohen Laufleistungen im gewerblichen Bereich empfiehlt Mann-Filter einen halbj\u00e4hrlichen Wechsel des Innenraumfilters oder sp\u00e4testens nach 15.000 Kilometern.<\/p>\n","protected":false},"excerpt":{"rendered":"<p>Laut Berichten der Weltgesundheits-Organisation z\u00e4hlen Allergien zu den vierth\u00e4ufigsten chronischen Erkrankungen weltweit. In Deutschland sind etwa 20 &#8211; 25 Prozent der Bev\u00f6lkerung davon betroffen. <span class=\"excerpt-more__dots\">&#8230;<\/span> <a class=\"excerpt-more__link\" href=\"https:\/\/www.krafthand.de\/truck\/artikel\/mann-filter-bringt-neuen-innenraumfilter-fuer-transporter-auf-den-markt-2258\/\" >weiter<\/a><\/p>\n","protected":false},"author":3,"featured_media":2259,"comment_status":"closed","ping_status":"closed","sticky":false,"template":"","format":"standard","meta":{"footnotes":""},"categories":[5],"tags":[1708,357,1707,1706,281],"settings":[],"class_list":["post-2258","post","type-post","status-publish","format-standard","has-post-thumbnail","hentry","category-branche","tag-allergie","tag-filter","tag-innenraumfilter","tag-mann-filter","tag-transporter"],"yoast_head":"<!-- This site is optimized with the Yoast SEO plugin v27.3 - https:\/\/yoast.com\/product\/yoast-seo-wordpress\/ -->\n<title>Mann-Filter bringt neuen Innenraumfilter f\u00fcr Transporter auf den Markt - Krafthand-Truck<\/title>\n<meta name=\"robots\" content=\"index, follow, max-snippet:-1, max-image-preview:large, max-video-preview:-1\" \/>\n<link rel=\"canonical\" href=\"https:\/\/www.krafthand.de\/truck\/artikel\/mann-filter-bringt-neuen-innenraumfilter-fuer-transporter-auf-den-markt-2258\/\" \/>\n<meta property=\"og:locale\" content=\"de_DE\" \/>\n<meta property=\"og:type\" content=\"article\" \/>\n<meta property=\"og:title\" content=\"Mann-Filter bringt neuen Innenraumfilter f\u00fcr Transporter auf den Markt - Krafthand-Truck\" \/>\n<meta property=\"og:description\" content=\"Laut Berichten der Weltgesundheits-Organisation z\u00e4hlen Allergien zu den vierth\u00e4ufigsten chronischen Erkrankungen weltweit. In Deutschland sind etwa 20 - 25 Prozent der Bev\u00f6lkerung davon betroffen. ... weiter\" \/>\n<meta property=\"og:url\" content=\"https:\/\/www.krafthand-truck.de\/artikel\/mann-filter-bringt-neuen-innenraumfilter-fuer-transporter-auf-den-markt-2258\/\" \/>\n<meta property=\"og:site_name\" content=\"Krafthand-Truck\" \/>\n<meta property=\"article:published_time\" content=\"2015-02-13T07:06:25+00:00\" \/>\n<meta property=\"og:image\" content=\"https:\/\/www.krafthand.de\/truck\/wp-content\/uploads\/2015\/02\/Mann_Hummel___-1.jpg\" \/>\n\t<meta property=\"og:image:width\" content=\"1000\" \/>\n\t<meta property=\"og:image:height\" content=\"1000\" \/>\n\t<meta property=\"og:image:type\" content=\"image\/jpeg\" \/>\n<meta name=\"author\" content=\"katja.heid@krafthand.de\" \/>\n<meta name=\"twitter:card\" content=\"summary_large_image\" \/>\n<meta name=\"twitter:label1\" content=\"Verfasst von\" \/>\n\t<meta name=\"twitter:data1\" content=\"katja.heid@krafthand.de\" \/>\n\t<meta name=\"twitter:label2\" content=\"Gesch\u00e4tzte Lesezeit\" \/>\n\t<meta name=\"twitter:data2\" content=\"2\u00a0Minuten\" \/>\n<script type=\"application\/ld+json\" class=\"yoast-schema-graph\">{\"@context\":\"https:\\\/\\\/schema.org\",\"@graph\":[{\"@type\":\"Article\",\"@id\":\"https:\\\/\\\/www.krafthand.de\\\/truck\\\/artikel\\\/mann-filter-bringt-neuen-innenraumfilter-fuer-transporter-auf-den-markt-2258\\\/#article\",\"isPartOf\":{\"@id\":\"https:\\\/\\\/www.krafthand.de\\\/truck\\\/artikel\\\/mann-filter-bringt-neuen-innenraumfilter-fuer-transporter-auf-den-markt-2258\\\/\"},\"author\":{\"name\":\"katja.heid@krafthand.de\",\"@id\":\"https:\\\/\\\/www.krafthand.de\\\/truck\\\/#\\\/schema\\\/person\\\/8e290c6d425b72d176adc7767a251001\"},\"headline\":\"Mann-Filter bringt neuen Innenraumfilter f\u00fcr Transporter auf den Markt\",\"datePublished\":\"2015-02-13T07:06:25+00:00\",\"mainEntityOfPage\":{\"@id\":\"https:\\\/\\\/www.krafthand.de\\\/truck\\\/artikel\\\/mann-filter-bringt-neuen-innenraumfilter-fuer-transporter-auf-den-markt-2258\\\/\"},\"wordCount\":372,\"image\":{\"@id\":\"https:\\\/\\\/www.krafthand.de\\\/truck\\\/artikel\\\/mann-filter-bringt-neuen-innenraumfilter-fuer-transporter-auf-den-markt-2258\\\/#primaryimage\"},\"thumbnailUrl\":\"https:\\\/\\\/static.krafthand-truck.de\\\/uploads\\\/2015\\\/02\\\/Mann_Hummel___-1.jpg\",\"keywords\":[\"Allergie\",\"Filter\",\"Innenraumfilter\",\"Mann-Filter\",\"Transporter\"],\"articleSection\":[\"Nfz-Branche\"],\"inLanguage\":\"de\"},{\"@type\":\"WebPage\",\"@id\":\"https:\\\/\\\/www.krafthand.de\\\/truck\\\/artikel\\\/mann-filter-bringt-neuen-innenraumfilter-fuer-transporter-auf-den-markt-2258\\\/\",\"url\":\"https:\\\/\\\/www.krafthand.de\\\/truck\\\/artikel\\\/mann-filter-bringt-neuen-innenraumfilter-fuer-transporter-auf-den-markt-2258\\\/\",\"name\":\"Mann-Filter bringt neuen Innenraumfilter f\u00fcr Transporter auf den Markt - Krafthand-Truck\",\"isPartOf\":{\"@id\":\"https:\\\/\\\/www.krafthand.de\\\/truck\\\/#website\"},\"primaryImageOfPage\":{\"@id\":\"https:\\\/\\\/www.krafthand.de\\\/truck\\\/artikel\\\/mann-filter-bringt-neuen-innenraumfilter-fuer-transporter-auf-den-markt-2258\\\/#primaryimage\"},\"image\":{\"@id\":\"https:\\\/\\\/www.krafthand.de\\\/truck\\\/artikel\\\/mann-filter-bringt-neuen-innenraumfilter-fuer-transporter-auf-den-markt-2258\\\/#primaryimage\"},\"thumbnailUrl\":\"https:\\\/\\\/static.krafthand-truck.de\\\/uploads\\\/2015\\\/02\\\/Mann_Hummel___-1.jpg\",\"datePublished\":\"2015-02-13T07:06:25+00:00\",\"author\":{\"@id\":\"https:\\\/\\\/www.krafthand.de\\\/truck\\\/#\\\/schema\\\/person\\\/8e290c6d425b72d176adc7767a251001\"},\"breadcrumb\":{\"@id\":\"https:\\\/\\\/www.krafthand.de\\\/truck\\\/artikel\\\/mann-filter-bringt-neuen-innenraumfilter-fuer-transporter-auf-den-markt-2258\\\/#breadcrumb\"},\"inLanguage\":\"de\",\"potentialAction\":[{\"@type\":\"ReadAction\",\"target\":[\"https:\\\/\\\/www.krafthand.de\\\/truck\\\/artikel\\\/mann-filter-bringt-neuen-innenraumfilter-fuer-transporter-auf-den-markt-2258\\\/\"]}]},{\"@type\":\"ImageObject\",\"inLanguage\":\"de\",\"@id\":\"https:\\\/\\\/www.krafthand.de\\\/truck\\\/artikel\\\/mann-filter-bringt-neuen-innenraumfilter-fuer-transporter-auf-den-markt-2258\\\/#primaryimage\",\"url\":\"https:\\\/\\\/static.krafthand-truck.de\\\/uploads\\\/2015\\\/02\\\/Mann_Hummel___-1.jpg\",\"contentUrl\":\"https:\\\/\\\/static.krafthand-truck.de\\\/uploads\\\/2015\\\/02\\\/Mann_Hummel___-1.jpg\",\"width\":1000,\"height\":1000,\"caption\":\"Mann-Filter 'Frecious Plus': Drei-Lagen-Technologie f\u00fcr Komfort und Sicherheit. Foto: Mann Hummel\"},{\"@type\":\"BreadcrumbList\",\"@id\":\"https:\\\/\\\/www.krafthand.de\\\/truck\\\/artikel\\\/mann-filter-bringt-neuen-innenraumfilter-fuer-transporter-auf-den-markt-2258\\\/#breadcrumb\",\"itemListElement\":[{\"@type\":\"ListItem\",\"position\":1,\"name\":\"Krafthand-Truck\",\"item\":\"https:\\\/\\\/www.krafthand.de\\\/truck\\\/\"},{\"@type\":\"ListItem\",\"position\":2,\"name\":\"Nfz-Branche\",\"item\":\"https:\\\/\\\/www.krafthand.de\\\/truck\\\/kategorie\\\/branche\\\/\"},{\"@type\":\"ListItem\",\"position\":3,\"name\":\"Mann-Filter bringt neuen Innenraumfilter f\u00fcr Transporter auf den Markt\"}]},{\"@type\":\"WebSite\",\"@id\":\"https:\\\/\\\/www.krafthand.de\\\/truck\\\/#website\",\"url\":\"https:\\\/\\\/www.krafthand.de\\\/truck\\\/\",\"name\":\"Krafthand-Truck\",\"description\":\"\",\"potentialAction\":[{\"@type\":\"SearchAction\",\"target\":{\"@type\":\"EntryPoint\",\"urlTemplate\":\"https:\\\/\\\/www.krafthand.de\\\/truck\\\/?s={search_term_string}\"},\"query-input\":{\"@type\":\"PropertyValueSpecification\",\"valueRequired\":true,\"valueName\":\"search_term_string\"}}],\"inLanguage\":\"de\"},{\"@type\":\"Person\",\"@id\":\"https:\\\/\\\/www.krafthand.de\\\/truck\\\/#\\\/schema\\\/person\\\/8e290c6d425b72d176adc7767a251001\",\"name\":\"katja.heid@krafthand.de\",\"image\":{\"@type\":\"ImageObject\",\"inLanguage\":\"de\",\"@id\":\"https:\\\/\\\/secure.gravatar.com\\\/avatar\\\/9a2930c54ede0e0a76c0f8abfb74704de273084f2aa0e3c6deb2c86704c7402b?s=96&d=mm&r=g\",\"url\":\"https:\\\/\\\/secure.gravatar.com\\\/avatar\\\/9a2930c54ede0e0a76c0f8abfb74704de273084f2aa0e3c6deb2c86704c7402b?s=96&d=mm&r=g\",\"contentUrl\":\"https:\\\/\\\/secure.gravatar.com\\\/avatar\\\/9a2930c54ede0e0a76c0f8abfb74704de273084f2aa0e3c6deb2c86704c7402b?s=96&d=mm&r=g\",\"caption\":\"katja.heid@krafthand.de\"}}]}<\/script>\n<!-- \/ Yoast SEO plugin. -->","yoast_head_json":{"title":"Mann-Filter bringt neuen Innenraumfilter f\u00fcr Transporter auf den Markt - Krafthand-Truck","robots":{"index":"index","follow":"follow","max-snippet":"max-snippet:-1","max-image-preview":"max-image-preview:large","max-video-preview":"max-video-preview:-1"},"canonical":"https:\/\/www.krafthand.de\/truck\/artikel\/mann-filter-bringt-neuen-innenraumfilter-fuer-transporter-auf-den-markt-2258\/","og_locale":"de_DE","og_type":"article","og_title":"Mann-Filter bringt neuen Innenraumfilter f\u00fcr Transporter auf den Markt - Krafthand-Truck","og_description":"Laut Berichten der Weltgesundheits-Organisation z\u00e4hlen Allergien zu den vierth\u00e4ufigsten chronischen Erkrankungen weltweit. In Deutschland sind etwa 20 - 25 Prozent der Bev\u00f6lkerung davon betroffen. ... weiter","og_url":"https:\/\/www.krafthand-truck.de\/artikel\/mann-filter-bringt-neuen-innenraumfilter-fuer-transporter-auf-den-markt-2258\/","og_site_name":"Krafthand-Truck","article_published_time":"2015-02-13T07:06:25+00:00","og_image":[{"width":1000,"height":1000,"url":"https:\/\/www.krafthand.de\/truck\/wp-content\/uploads\/2015\/02\/Mann_Hummel___-1.jpg","type":"image\/jpeg"}],"author":"katja.heid@krafthand.de","twitter_card":"summary_large_image","twitter_misc":{"Verfasst von":"katja.heid@krafthand.de","Gesch\u00e4tzte Lesezeit":"2\u00a0Minuten"},"schema":{"@context":"https:\/\/schema.org","@graph":[{"@type":"Article","@id":"https:\/\/www.krafthand.de\/truck\/artikel\/mann-filter-bringt-neuen-innenraumfilter-fuer-transporter-auf-den-markt-2258\/#article","isPartOf":{"@id":"https:\/\/www.krafthand.de\/truck\/artikel\/mann-filter-bringt-neuen-innenraumfilter-fuer-transporter-auf-den-markt-2258\/"},"author":{"name":"katja.heid@krafthand.de","@id":"https:\/\/www.krafthand.de\/truck\/#\/schema\/person\/8e290c6d425b72d176adc7767a251001"},"headline":"Mann-Filter bringt neuen Innenraumfilter f\u00fcr Transporter auf den Markt","datePublished":"2015-02-13T07:06:25+00:00","mainEntityOfPage":{"@id":"https:\/\/www.krafthand.de\/truck\/artikel\/mann-filter-bringt-neuen-innenraumfilter-fuer-transporter-auf-den-markt-2258\/"},"wordCount":372,"image":{"@id":"https:\/\/www.krafthand.de\/truck\/artikel\/mann-filter-bringt-neuen-innenraumfilter-fuer-transporter-auf-den-markt-2258\/#primaryimage"},"thumbnailUrl":"https:\/\/static.krafthand-truck.de\/uploads\/2015\/02\/Mann_Hummel___-1.jpg","keywords":["Allergie","Filter","Innenraumfilter","Mann-Filter","Transporter"],"articleSection":["Nfz-Branche"],"inLanguage":"de"},{"@type":"WebPage","@id":"https:\/\/www.krafthand.de\/truck\/artikel\/mann-filter-bringt-neuen-innenraumfilter-fuer-transporter-auf-den-markt-2258\/","url":"https:\/\/www.krafthand.de\/truck\/artikel\/mann-filter-bringt-neuen-innenraumfilter-fuer-transporter-auf-den-markt-2258\/","name":"Mann-Filter bringt neuen Innenraumfilter f\u00fcr Transporter auf den Markt - Krafthand-Truck","isPartOf":{"@id":"https:\/\/www.krafthand.de\/truck\/#website"},"primaryImageOfPage":{"@id":"https:\/\/www.krafthand.de\/truck\/artikel\/mann-filter-bringt-neuen-innenraumfilter-fuer-transporter-auf-den-markt-2258\/#primaryimage"},"image":{"@id":"https:\/\/www.krafthand.de\/truck\/artikel\/mann-filter-bringt-neuen-innenraumfilter-fuer-transporter-auf-den-markt-2258\/#primaryimage"},"thumbnailUrl":"https:\/\/static.krafthand-truck.de\/uploads\/2015\/02\/Mann_Hummel___-1.jpg","datePublished":"2015-02-13T07:06:25+00:00","author":{"@id":"https:\/\/www.krafthand.de\/truck\/#\/schema\/person\/8e290c6d425b72d176adc7767a251001"},"breadcrumb":{"@id":"https:\/\/www.krafthand.de\/truck\/artikel\/mann-filter-bringt-neuen-innenraumfilter-fuer-transporter-auf-den-markt-2258\/#breadcrumb"},"inLanguage":"de","potentialAction":[{"@type":"ReadAction","target":["https:\/\/www.krafthand.de\/truck\/artikel\/mann-filter-bringt-neuen-innenraumfilter-fuer-transporter-auf-den-markt-2258\/"]}]},{"@type":"ImageObject","inLanguage":"de","@id":"https:\/\/www.krafthand.de\/truck\/artikel\/mann-filter-bringt-neuen-innenraumfilter-fuer-transporter-auf-den-markt-2258\/#primaryimage","url":"https:\/\/static.krafthand-truck.de\/uploads\/2015\/02\/Mann_Hummel___-1.jpg","contentUrl":"https:\/\/static.krafthand-truck.de\/uploads\/2015\/02\/Mann_Hummel___-1.jpg","width":1000,"height":1000,"caption":"Mann-Filter 'Frecious Plus': Drei-Lagen-Technologie f\u00fcr Komfort und Sicherheit. Foto: Mann Hummel"},{"@type":"BreadcrumbList","@id":"https:\/\/www.krafthand.de\/truck\/artikel\/mann-filter-bringt-neuen-innenraumfilter-fuer-transporter-auf-den-markt-2258\/#breadcrumb","itemListElement":[{"@type":"ListItem","position":1,"name":"Krafthand-Truck","item":"https:\/\/www.krafthand.de\/truck\/"},{"@type":"ListItem","position":2,"name":"Nfz-Branche","item":"https:\/\/www.krafthand.de\/truck\/kategorie\/branche\/"},{"@type":"ListItem","position":3,"name":"Mann-Filter bringt neuen Innenraumfilter f\u00fcr Transporter auf den Markt"}]},{"@type":"WebSite","@id":"https:\/\/www.krafthand.de\/truck\/#website","url":"https:\/\/www.krafthand.de\/truck\/","name":"Krafthand-Truck","description":"","potentialAction":[{"@type":"SearchAction","target":{"@type":"EntryPoint","urlTemplate":"https:\/\/www.krafthand.de\/truck\/?s={search_term_string}"},"query-input":{"@type":"PropertyValueSpecification","valueRequired":true,"valueName":"search_term_string"}}],"inLanguage":"de"},{"@type":"Person","@id":"https:\/\/www.krafthand.de\/truck\/#\/schema\/person\/8e290c6d425b72d176adc7767a251001","name":"katja.heid@krafthand.de","image":{"@type":"ImageObject","inLanguage":"de","@id":"https:\/\/secure.gravatar.com\/avatar\/9a2930c54ede0e0a76c0f8abfb74704de273084f2aa0e3c6deb2c86704c7402b?s=96&d=mm&r=g","url":"https:\/\/secure.gravatar.com\/avatar\/9a2930c54ede0e0a76c0f8abfb74704de273084f2aa0e3c6deb2c86704c7402b?s=96&d=mm&r=g","contentUrl":"https:\/\/secure.gravatar.com\/avatar\/9a2930c54ede0e0a76c0f8abfb74704de273084f2aa0e3c6deb2c86704c7402b?s=96&d=mm&r=g","caption":"katja.heid@krafthand.de"}}]}},"_links":{"self":[{"href":"https:\/\/www.krafthand.de\/truck\/wp-json\/wp\/v2\/posts\/2258","targetHints":{"allow":["GET"]}}],"collection":[{"href":"https:\/\/www.krafthand.de\/truck\/wp-json\/wp\/v2\/posts"}],"about":[{"href":"https:\/\/www.krafthand.de\/truck\/wp-json\/wp\/v2\/types\/post"}],"author":[{"embeddable":true,"href":"https:\/\/www.krafthand.de\/truck\/wp-json\/wp\/v2\/users\/3"}],"replies":[{"embeddable":true,"href":"https:\/\/www.krafthand.de\/truck\/wp-json\/wp\/v2\/comments?post=2258"}],"version-history":[{"count":0,"href":"https:\/\/www.krafthand.de\/truck\/wp-json\/wp\/v2\/posts\/2258\/revisions"}],"wp:featuredmedia":[{"embeddable":true,"href":"https:\/\/www.krafthand.de\/truck\/wp-json\/wp\/v2\/media\/2259"}],"wp:attachment":[{"href":"https:\/\/www.krafthand.de\/truck\/wp-json\/wp\/v2\/media?parent=2258"}],"wp:term":[{"taxonomy":"category","embeddable":true,"href":"https:\/\/www.krafthand.de\/truck\/wp-json\/wp\/v2\/categories?post=2258"},{"taxonomy":"post_tag","embeddable":true,"href":"https:\/\/www.krafthand.de\/truck\/wp-json\/wp\/v2\/tags?post=2258"},{"taxonomy":"settings","embeddable":true,"href":"https:\/\/www.krafthand.de\/truck\/wp-json\/wp\/v2\/settings?post=2258"}],"curies":[{"name":"wp","href":"https:\/\/api.w.org\/{rel}","templated":true}]}}