{"id":2100,"date":"2014-08-26T16:56:12","date_gmt":"2014-08-26T14:56:12","guid":{"rendered":"https:\/\/www.krafthand.de\/truck\/2014\/08\/26\/neuheiten-von-borg-warner-ueber-variables-thermomanagement\/"},"modified":"2014-08-26T16:56:12","modified_gmt":"2014-08-26T14:56:12","slug":"neuheiten-von-borg-warner-ueber-variables-thermomanagement","status":"publish","type":"post","link":"https:\/\/www.krafthand.de\/truck\/artikel\/neuheiten-von-borg-warner-ueber-variables-thermomanagement-2100\/","title":{"rendered":"Neuheiten von Borg Warner \u00fcber variables Thermomanagement"},"content":{"rendered":"<p class=\"text-colored\">In Hannover zeigt Zulieferer Borg Warner Neuheiten f\u00fcr das bedarfsgeregelte Thermomanagement. Der Zulieferer hat speziell f\u00fcr leichte und schwere Nutzfahrzeuge variable K\u00fchlmittelpumpen entwickelt, welche ein effizientes Thermomanagement unterst\u00fctzen sollen, indem sie durch eine aktive Regelung genau den K\u00fchlmittelstrom liefern, den der Motor gerade ben\u00f6tigt.<\/p>\n<p>Unternehmensangaben zufolge wird der elektrische Modus \u00fcberwiegend bei moderaten K\u00fchlleistungsanforderungen verwendet, da dieser eine bedarfsgerechte Regelung des K\u00fchlmittelstroms erlaubt. Zudem sollen sich damit nach dem Abstellen des Motors kritische Motorkomponenten weiterhin k\u00fchlen lassen. Unter Volllast indes erfolgt der Antrieb auf mechanischem Weg \u00fcber einen Antriebsriemen, was einen maximalen K\u00fchlmittelstrom gew\u00e4hrleisten soll. Als Vorteile des bedarfsgerechten Thermomanagements nennt Borg Warner weniger direkter Verluste sowie eine h\u00f6heren Gesamtwirkungsgrads.<br \/>\nZudem pr\u00e4sentiert Borg Warner in Hannover seine neuen Abgasr\u00fcckf\u00fchr-(AGR)-Module, welche nach eigenem Bekunden sowohl f\u00fcr Niederdruck- als auch f\u00fcr Hochdruck-AGR-Systeme geeignet sind. Bestehend aus Abgasr\u00fcckf\u00fchrungsventil, K\u00fchler, Bypassventil und AGR-Rohren sollen sich daraus komplette, kundenindividuelle Systeml\u00f6sungen generieren lassen. Zus\u00e4tzlich stellt der Zulieferer ein- und zweistufige Turboladertechnologien, Thermostate, Dieselkaltstarttechnologien sowie die Visctronic-L\u00fcfterantriebe aus.<br \/>\n<b>Borg Warner<\/b>, Ludwigsburg, Tel. 0 71 41 \/ 1 32-0,  <a href=\"http:\/\/www.borgwarner.com\" target=\"_blank\">www.borgwarner.com <\/a><\/p>\n<p>IAA NFZ; Halle 12, Stand B26<\/p>\n","protected":false},"excerpt":{"rendered":"<p>In Hannover zeigt Zulieferer Borg Warner Neuheiten f\u00fcr das bedarfsgeregelte Thermomanagement. Der Zulieferer hat speziell f\u00fcr leichte und schwere Nutzfahrzeuge variable K\u00fchlmittelpumpen entwickelt, welche ein effizientes Thermomanagement unterst\u00fctzen sollen, indem sie durch eine aktive Regelung genau den K\u00fchlmittelstrom liefern, den der Motor gerade ben\u00f6tigt. <span class=\"excerpt-more__dots\">&#8230;<\/span> <a class=\"excerpt-more__link\" href=\"https:\/\/www.krafthand.de\/truck\/artikel\/neuheiten-von-borg-warner-ueber-variables-thermomanagement-2100\/\" >weiter<\/a><\/p>\n","protected":false},"author":3,"featured_media":2101,"comment_status":"closed","ping_status":"closed","sticky":false,"template":"","format":"standard","meta":{"footnotes":""},"categories":[5],"tags":[370,1350,251,26,1348,1349,847],"settings":[],"class_list":["post-2100","post","type-post","status-publish","format-standard","has-post-thumbnail","hentry","category-branche","tag-borg-warner","tag-kuehlmittelstrom","tag-motor","tag-nutzfahrzeug","tag-thermomanagement","tag-variable-kuehlmittelpumpe","tag-zulieferer"],"yoast_head":"<!-- This site is optimized with the Yoast SEO plugin v27.3 - https:\/\/yoast.com\/product\/yoast-seo-wordpress\/ -->\n<title>Neuheiten von Borg Warner \u00fcber variables Thermomanagement - Krafthand-Truck<\/title>\n<meta name=\"robots\" content=\"index, follow, max-snippet:-1, max-image-preview:large, max-video-preview:-1\" \/>\n<link rel=\"canonical\" href=\"https:\/\/www.krafthand.de\/truck\/artikel\/neuheiten-von-borg-warner-ueber-variables-thermomanagement-2100\/\" \/>\n<meta property=\"og:locale\" content=\"de_DE\" \/>\n<meta property=\"og:type\" content=\"article\" \/>\n<meta property=\"og:title\" content=\"Neuheiten von Borg Warner \u00fcber variables Thermomanagement - Krafthand-Truck\" \/>\n<meta property=\"og:description\" content=\"In Hannover zeigt Zulieferer Borg Warner Neuheiten f\u00fcr das bedarfsgeregelte Thermomanagement. Der Zulieferer hat speziell f\u00fcr leichte und schwere Nutzfahrzeuge variable K\u00fchlmittelpumpen entwickelt, welche ein effizientes Thermomanagement unterst\u00fctzen sollen, indem sie durch eine aktive Regelung genau den K\u00fchlmittelstrom liefern, den der Motor gerade ben\u00f6tigt. ... weiter\" \/>\n<meta property=\"og:url\" content=\"https:\/\/www.krafthand-truck.de\/artikel\/neuheiten-von-borg-warner-ueber-variables-thermomanagement-2100\/\" \/>\n<meta property=\"og:site_name\" content=\"Krafthand-Truck\" \/>\n<meta property=\"article:published_time\" content=\"2014-08-26T14:56:12+00:00\" \/>\n<meta property=\"og:image\" content=\"https:\/\/www.krafthand.de\/truck\/wp-content\/uploads\/2014\/08\/Truck_03_14_012_Borg_Warner_-1.jpg\" \/>\n\t<meta property=\"og:image:width\" content=\"500\" \/>\n\t<meta property=\"og:image:height\" content=\"521\" \/>\n\t<meta property=\"og:image:type\" content=\"image\/jpeg\" \/>\n<meta name=\"author\" content=\"katja.heid@krafthand.de\" \/>\n<meta name=\"twitter:card\" content=\"summary_large_image\" \/>\n<meta name=\"twitter:label1\" content=\"Verfasst von\" \/>\n\t<meta name=\"twitter:data1\" content=\"katja.heid@krafthand.de\" \/>\n\t<meta name=\"twitter:label2\" content=\"Gesch\u00e4tzte Lesezeit\" \/>\n\t<meta name=\"twitter:data2\" content=\"1\u00a0Minute\" \/>\n<script type=\"application\/ld+json\" class=\"yoast-schema-graph\">{\"@context\":\"https:\\\/\\\/schema.org\",\"@graph\":[{\"@type\":\"Article\",\"@id\":\"https:\\\/\\\/www.krafthand.de\\\/truck\\\/artikel\\\/neuheiten-von-borg-warner-ueber-variables-thermomanagement-2100\\\/#article\",\"isPartOf\":{\"@id\":\"https:\\\/\\\/www.krafthand.de\\\/truck\\\/artikel\\\/neuheiten-von-borg-warner-ueber-variables-thermomanagement-2100\\\/\"},\"author\":{\"name\":\"katja.heid@krafthand.de\",\"@id\":\"https:\\\/\\\/www.krafthand.de\\\/truck\\\/#\\\/schema\\\/person\\\/8e290c6d425b72d176adc7767a251001\"},\"headline\":\"Neuheiten von Borg Warner \u00fcber variables Thermomanagement\",\"datePublished\":\"2014-08-26T14:56:12+00:00\",\"mainEntityOfPage\":{\"@id\":\"https:\\\/\\\/www.krafthand.de\\\/truck\\\/artikel\\\/neuheiten-von-borg-warner-ueber-variables-thermomanagement-2100\\\/\"},\"wordCount\":208,\"image\":{\"@id\":\"https:\\\/\\\/www.krafthand.de\\\/truck\\\/artikel\\\/neuheiten-von-borg-warner-ueber-variables-thermomanagement-2100\\\/#primaryimage\"},\"thumbnailUrl\":\"https:\\\/\\\/static.krafthand-truck.de\\\/uploads\\\/2014\\\/08\\\/Truck_03_14_012_Borg_Warner_-1.jpg\",\"keywords\":[\"Borg-Warner\",\"K\u00fchlmittelstrom\",\"Motor\",\"Nutzfahrzeug\",\"Thermomanagement\",\"variable K\u00fchlmittelpumpe\",\"Zulieferer\"],\"articleSection\":[\"Nfz-Branche\"],\"inLanguage\":\"de\"},{\"@type\":\"WebPage\",\"@id\":\"https:\\\/\\\/www.krafthand.de\\\/truck\\\/artikel\\\/neuheiten-von-borg-warner-ueber-variables-thermomanagement-2100\\\/\",\"url\":\"https:\\\/\\\/www.krafthand.de\\\/truck\\\/artikel\\\/neuheiten-von-borg-warner-ueber-variables-thermomanagement-2100\\\/\",\"name\":\"Neuheiten von Borg Warner \u00fcber variables Thermomanagement - Krafthand-Truck\",\"isPartOf\":{\"@id\":\"https:\\\/\\\/www.krafthand.de\\\/truck\\\/#website\"},\"primaryImageOfPage\":{\"@id\":\"https:\\\/\\\/www.krafthand.de\\\/truck\\\/artikel\\\/neuheiten-von-borg-warner-ueber-variables-thermomanagement-2100\\\/#primaryimage\"},\"image\":{\"@id\":\"https:\\\/\\\/www.krafthand.de\\\/truck\\\/artikel\\\/neuheiten-von-borg-warner-ueber-variables-thermomanagement-2100\\\/#primaryimage\"},\"thumbnailUrl\":\"https:\\\/\\\/static.krafthand-truck.de\\\/uploads\\\/2014\\\/08\\\/Truck_03_14_012_Borg_Warner_-1.jpg\",\"datePublished\":\"2014-08-26T14:56:12+00:00\",\"author\":{\"@id\":\"https:\\\/\\\/www.krafthand.de\\\/truck\\\/#\\\/schema\\\/person\\\/8e290c6d425b72d176adc7767a251001\"},\"breadcrumb\":{\"@id\":\"https:\\\/\\\/www.krafthand.de\\\/truck\\\/artikel\\\/neuheiten-von-borg-warner-ueber-variables-thermomanagement-2100\\\/#breadcrumb\"},\"inLanguage\":\"de\",\"potentialAction\":[{\"@type\":\"ReadAction\",\"target\":[\"https:\\\/\\\/www.krafthand.de\\\/truck\\\/artikel\\\/neuheiten-von-borg-warner-ueber-variables-thermomanagement-2100\\\/\"]}]},{\"@type\":\"ImageObject\",\"inLanguage\":\"de\",\"@id\":\"https:\\\/\\\/www.krafthand.de\\\/truck\\\/artikel\\\/neuheiten-von-borg-warner-ueber-variables-thermomanagement-2100\\\/#primaryimage\",\"url\":\"https:\\\/\\\/static.krafthand-truck.de\\\/uploads\\\/2014\\\/08\\\/Truck_03_14_012_Borg_Warner_-1.jpg\",\"contentUrl\":\"https:\\\/\\\/static.krafthand-truck.de\\\/uploads\\\/2014\\\/08\\\/Truck_03_14_012_Borg_Warner_-1.jpg\",\"width\":500,\"height\":521,\"caption\":\"Aktiv geregelt: Variable K\u00fchlmittelpumpen f\u00fcr die bedarfsgerechte Motork\u00fchlung von leichten und schweren Nutzfahrzeugen stehen beim Zulieferer Borg Warner im Mittelpunkt auf der IAA Nutzfahrzeuge. Foto: Borg Warner\"},{\"@type\":\"BreadcrumbList\",\"@id\":\"https:\\\/\\\/www.krafthand.de\\\/truck\\\/artikel\\\/neuheiten-von-borg-warner-ueber-variables-thermomanagement-2100\\\/#breadcrumb\",\"itemListElement\":[{\"@type\":\"ListItem\",\"position\":1,\"name\":\"Krafthand-Truck\",\"item\":\"https:\\\/\\\/www.krafthand.de\\\/truck\\\/\"},{\"@type\":\"ListItem\",\"position\":2,\"name\":\"Nfz-Branche\",\"item\":\"https:\\\/\\\/www.krafthand.de\\\/truck\\\/kategorie\\\/branche\\\/\"},{\"@type\":\"ListItem\",\"position\":3,\"name\":\"Neuheiten von Borg Warner \u00fcber variables Thermomanagement\"}]},{\"@type\":\"WebSite\",\"@id\":\"https:\\\/\\\/www.krafthand.de\\\/truck\\\/#website\",\"url\":\"https:\\\/\\\/www.krafthand.de\\\/truck\\\/\",\"name\":\"Krafthand-Truck\",\"description\":\"\",\"potentialAction\":[{\"@type\":\"SearchAction\",\"target\":{\"@type\":\"EntryPoint\",\"urlTemplate\":\"https:\\\/\\\/www.krafthand.de\\\/truck\\\/?s={search_term_string}\"},\"query-input\":{\"@type\":\"PropertyValueSpecification\",\"valueRequired\":true,\"valueName\":\"search_term_string\"}}],\"inLanguage\":\"de\"},{\"@type\":\"Person\",\"@id\":\"https:\\\/\\\/www.krafthand.de\\\/truck\\\/#\\\/schema\\\/person\\\/8e290c6d425b72d176adc7767a251001\",\"name\":\"katja.heid@krafthand.de\",\"image\":{\"@type\":\"ImageObject\",\"inLanguage\":\"de\",\"@id\":\"https:\\\/\\\/secure.gravatar.com\\\/avatar\\\/9a2930c54ede0e0a76c0f8abfb74704de273084f2aa0e3c6deb2c86704c7402b?s=96&d=mm&r=g\",\"url\":\"https:\\\/\\\/secure.gravatar.com\\\/avatar\\\/9a2930c54ede0e0a76c0f8abfb74704de273084f2aa0e3c6deb2c86704c7402b?s=96&d=mm&r=g\",\"contentUrl\":\"https:\\\/\\\/secure.gravatar.com\\\/avatar\\\/9a2930c54ede0e0a76c0f8abfb74704de273084f2aa0e3c6deb2c86704c7402b?s=96&d=mm&r=g\",\"caption\":\"katja.heid@krafthand.de\"}}]}<\/script>\n<!-- \/ Yoast SEO plugin. -->","yoast_head_json":{"title":"Neuheiten von Borg Warner \u00fcber variables Thermomanagement - Krafthand-Truck","robots":{"index":"index","follow":"follow","max-snippet":"max-snippet:-1","max-image-preview":"max-image-preview:large","max-video-preview":"max-video-preview:-1"},"canonical":"https:\/\/www.krafthand.de\/truck\/artikel\/neuheiten-von-borg-warner-ueber-variables-thermomanagement-2100\/","og_locale":"de_DE","og_type":"article","og_title":"Neuheiten von Borg Warner \u00fcber variables Thermomanagement - Krafthand-Truck","og_description":"In Hannover zeigt Zulieferer Borg Warner Neuheiten f\u00fcr das bedarfsgeregelte Thermomanagement. Der Zulieferer hat speziell f\u00fcr leichte und schwere Nutzfahrzeuge variable K\u00fchlmittelpumpen entwickelt, welche ein effizientes Thermomanagement unterst\u00fctzen sollen, indem sie durch eine aktive Regelung genau den K\u00fchlmittelstrom liefern, den der Motor gerade ben\u00f6tigt. ... weiter","og_url":"https:\/\/www.krafthand-truck.de\/artikel\/neuheiten-von-borg-warner-ueber-variables-thermomanagement-2100\/","og_site_name":"Krafthand-Truck","article_published_time":"2014-08-26T14:56:12+00:00","og_image":[{"width":500,"height":521,"url":"https:\/\/www.krafthand.de\/truck\/wp-content\/uploads\/2014\/08\/Truck_03_14_012_Borg_Warner_-1.jpg","type":"image\/jpeg"}],"author":"katja.heid@krafthand.de","twitter_card":"summary_large_image","twitter_misc":{"Verfasst von":"katja.heid@krafthand.de","Gesch\u00e4tzte Lesezeit":"1\u00a0Minute"},"schema":{"@context":"https:\/\/schema.org","@graph":[{"@type":"Article","@id":"https:\/\/www.krafthand.de\/truck\/artikel\/neuheiten-von-borg-warner-ueber-variables-thermomanagement-2100\/#article","isPartOf":{"@id":"https:\/\/www.krafthand.de\/truck\/artikel\/neuheiten-von-borg-warner-ueber-variables-thermomanagement-2100\/"},"author":{"name":"katja.heid@krafthand.de","@id":"https:\/\/www.krafthand.de\/truck\/#\/schema\/person\/8e290c6d425b72d176adc7767a251001"},"headline":"Neuheiten von Borg Warner \u00fcber variables Thermomanagement","datePublished":"2014-08-26T14:56:12+00:00","mainEntityOfPage":{"@id":"https:\/\/www.krafthand.de\/truck\/artikel\/neuheiten-von-borg-warner-ueber-variables-thermomanagement-2100\/"},"wordCount":208,"image":{"@id":"https:\/\/www.krafthand.de\/truck\/artikel\/neuheiten-von-borg-warner-ueber-variables-thermomanagement-2100\/#primaryimage"},"thumbnailUrl":"https:\/\/static.krafthand-truck.de\/uploads\/2014\/08\/Truck_03_14_012_Borg_Warner_-1.jpg","keywords":["Borg-Warner","K\u00fchlmittelstrom","Motor","Nutzfahrzeug","Thermomanagement","variable K\u00fchlmittelpumpe","Zulieferer"],"articleSection":["Nfz-Branche"],"inLanguage":"de"},{"@type":"WebPage","@id":"https:\/\/www.krafthand.de\/truck\/artikel\/neuheiten-von-borg-warner-ueber-variables-thermomanagement-2100\/","url":"https:\/\/www.krafthand.de\/truck\/artikel\/neuheiten-von-borg-warner-ueber-variables-thermomanagement-2100\/","name":"Neuheiten von Borg Warner \u00fcber variables Thermomanagement - Krafthand-Truck","isPartOf":{"@id":"https:\/\/www.krafthand.de\/truck\/#website"},"primaryImageOfPage":{"@id":"https:\/\/www.krafthand.de\/truck\/artikel\/neuheiten-von-borg-warner-ueber-variables-thermomanagement-2100\/#primaryimage"},"image":{"@id":"https:\/\/www.krafthand.de\/truck\/artikel\/neuheiten-von-borg-warner-ueber-variables-thermomanagement-2100\/#primaryimage"},"thumbnailUrl":"https:\/\/static.krafthand-truck.de\/uploads\/2014\/08\/Truck_03_14_012_Borg_Warner_-1.jpg","datePublished":"2014-08-26T14:56:12+00:00","author":{"@id":"https:\/\/www.krafthand.de\/truck\/#\/schema\/person\/8e290c6d425b72d176adc7767a251001"},"breadcrumb":{"@id":"https:\/\/www.krafthand.de\/truck\/artikel\/neuheiten-von-borg-warner-ueber-variables-thermomanagement-2100\/#breadcrumb"},"inLanguage":"de","potentialAction":[{"@type":"ReadAction","target":["https:\/\/www.krafthand.de\/truck\/artikel\/neuheiten-von-borg-warner-ueber-variables-thermomanagement-2100\/"]}]},{"@type":"ImageObject","inLanguage":"de","@id":"https:\/\/www.krafthand.de\/truck\/artikel\/neuheiten-von-borg-warner-ueber-variables-thermomanagement-2100\/#primaryimage","url":"https:\/\/static.krafthand-truck.de\/uploads\/2014\/08\/Truck_03_14_012_Borg_Warner_-1.jpg","contentUrl":"https:\/\/static.krafthand-truck.de\/uploads\/2014\/08\/Truck_03_14_012_Borg_Warner_-1.jpg","width":500,"height":521,"caption":"Aktiv geregelt: Variable K\u00fchlmittelpumpen f\u00fcr die bedarfsgerechte Motork\u00fchlung von leichten und schweren Nutzfahrzeugen stehen beim Zulieferer Borg Warner im Mittelpunkt auf der IAA Nutzfahrzeuge. Foto: Borg Warner"},{"@type":"BreadcrumbList","@id":"https:\/\/www.krafthand.de\/truck\/artikel\/neuheiten-von-borg-warner-ueber-variables-thermomanagement-2100\/#breadcrumb","itemListElement":[{"@type":"ListItem","position":1,"name":"Krafthand-Truck","item":"https:\/\/www.krafthand.de\/truck\/"},{"@type":"ListItem","position":2,"name":"Nfz-Branche","item":"https:\/\/www.krafthand.de\/truck\/kategorie\/branche\/"},{"@type":"ListItem","position":3,"name":"Neuheiten von Borg Warner \u00fcber variables Thermomanagement"}]},{"@type":"WebSite","@id":"https:\/\/www.krafthand.de\/truck\/#website","url":"https:\/\/www.krafthand.de\/truck\/","name":"Krafthand-Truck","description":"","potentialAction":[{"@type":"SearchAction","target":{"@type":"EntryPoint","urlTemplate":"https:\/\/www.krafthand.de\/truck\/?s={search_term_string}"},"query-input":{"@type":"PropertyValueSpecification","valueRequired":true,"valueName":"search_term_string"}}],"inLanguage":"de"},{"@type":"Person","@id":"https:\/\/www.krafthand.de\/truck\/#\/schema\/person\/8e290c6d425b72d176adc7767a251001","name":"katja.heid@krafthand.de","image":{"@type":"ImageObject","inLanguage":"de","@id":"https:\/\/secure.gravatar.com\/avatar\/9a2930c54ede0e0a76c0f8abfb74704de273084f2aa0e3c6deb2c86704c7402b?s=96&d=mm&r=g","url":"https:\/\/secure.gravatar.com\/avatar\/9a2930c54ede0e0a76c0f8abfb74704de273084f2aa0e3c6deb2c86704c7402b?s=96&d=mm&r=g","contentUrl":"https:\/\/secure.gravatar.com\/avatar\/9a2930c54ede0e0a76c0f8abfb74704de273084f2aa0e3c6deb2c86704c7402b?s=96&d=mm&r=g","caption":"katja.heid@krafthand.de"}}]}},"_links":{"self":[{"href":"https:\/\/www.krafthand.de\/truck\/wp-json\/wp\/v2\/posts\/2100","targetHints":{"allow":["GET"]}}],"collection":[{"href":"https:\/\/www.krafthand.de\/truck\/wp-json\/wp\/v2\/posts"}],"about":[{"href":"https:\/\/www.krafthand.de\/truck\/wp-json\/wp\/v2\/types\/post"}],"author":[{"embeddable":true,"href":"https:\/\/www.krafthand.de\/truck\/wp-json\/wp\/v2\/users\/3"}],"replies":[{"embeddable":true,"href":"https:\/\/www.krafthand.de\/truck\/wp-json\/wp\/v2\/comments?post=2100"}],"version-history":[{"count":0,"href":"https:\/\/www.krafthand.de\/truck\/wp-json\/wp\/v2\/posts\/2100\/revisions"}],"wp:featuredmedia":[{"embeddable":true,"href":"https:\/\/www.krafthand.de\/truck\/wp-json\/wp\/v2\/media\/2101"}],"wp:attachment":[{"href":"https:\/\/www.krafthand.de\/truck\/wp-json\/wp\/v2\/media?parent=2100"}],"wp:term":[{"taxonomy":"category","embeddable":true,"href":"https:\/\/www.krafthand.de\/truck\/wp-json\/wp\/v2\/categories?post=2100"},{"taxonomy":"post_tag","embeddable":true,"href":"https:\/\/www.krafthand.de\/truck\/wp-json\/wp\/v2\/tags?post=2100"},{"taxonomy":"settings","embeddable":true,"href":"https:\/\/www.krafthand.de\/truck\/wp-json\/wp\/v2\/settings?post=2100"}],"curies":[{"name":"wp","href":"https:\/\/api.w.org\/{rel}","templated":true}]}}