{"id":2035,"date":"2014-06-16T07:44:57","date_gmt":"2014-06-16T05:44:57","guid":{"rendered":"https:\/\/www.krafthand.de\/truck\/2014\/06\/16\/heinz-georg-ebert-ist-neuer-leiter-vertrieb-osteuropa\/"},"modified":"2018-01-29T13:09:40","modified_gmt":"2018-01-29T12:09:40","slug":"heinz-georg-ebert-ist-neuer-leiter-vertrieb-osteuropa","status":"publish","type":"post","link":"https:\/\/www.krafthand.de\/truck\/artikel\/heinz-georg-ebert-ist-neuer-leiter-vertrieb-osteuropa-2035\/","title":{"rendered":"Heinz-Georg Ebert ist neuer Leiter Vertrieb Osteuropa"},"content":{"rendered":"<p class=\"text-colored\">Mit der Berufung von Heinz-Georg Ebert zum neuen Leiter Vertrieb Osteuropa schlie\u00dft K\u00f6gel seine Umstrukturierung f\u00fcr die Kundenbetreuung in Europa ab. Neben Paul de Jong, Leiter Vertrieb Westeuropa, und Massimo Dodoni, Leiter Vertrieb S\u00fcdosteuropa, ist Heinz-Georg Ebert in seiner neuen Position f\u00fcr die Vertriebsstruktur in Osteuropa zust\u00e4ndig.<\/p>\n<p>Zu seinem Verantwortungsbereich geh\u00f6ren die L\u00e4nder Aserbaidschan, Armenien, Estland, Georgien, Lettland, Litauen, Polen, Russland, die Tschechische Republik, die Ukraine, Ungarn und Wei\u00dfrussland. In diesen L\u00e4ndern steht Ebert den Kunden, H\u00e4ndlern und Gesch\u00e4ftspartner zur Analyse und zu Beratungen im Hinblick auf das K\u00f6gel Produktportfolios f\u00fcr das Speditions- und Baugewerbe zur Verf\u00fcgung.<br \/>\nHeinz-Georg Ebert blickt auf eine langj\u00e4hrige Vertriebserfahrung in der Nutzfahrzeugbranche zur\u00fcck. Seit 2010 ist er bei K\u00f6gel in diversen Funktionen t\u00e4tig. Vor seinem Wechsel zu K\u00f6gel war Ebert in den unterschiedlichsten Vertriebsfunktionen beim Schwesterunternehmen Humbaur besch\u00e4ftigt.<br \/>\nInteressierte K\u00f6gel Kunden aus Osteuropa k\u00f6nnen sich ab sofort bei Heinz-Georg Ebert melden: <a href=\"mailto:heinz-georg.ebert@koegel.com\" target=\"_blank\" rel=\"noopener\">heinz-georg.ebert@koegel.com;\u00a0<\/a>mobil: +49 1522 2636050<\/p>\n","protected":false},"excerpt":{"rendered":"<p>Mit der Berufung von Heinz-Georg Ebert zum neuen Leiter Vertrieb Osteuropa schlie\u00dft K\u00f6gel seine Umstrukturierung f\u00fcr die  Kundenbetreuung in Europa ab. Neben Paul de Jong, Leiter Vertrieb Westeuropa, und Massimo Dodoni, Leiter Vertrieb S\u00fcdosteuropa, ist Heinz-Georg Ebert in seiner neuen Position f\u00fcr die Vertriebsstruktur in Osteuropa zust\u00e4ndig. <span class=\"excerpt-more__dots\">&#8230;<\/span> <a class=\"excerpt-more__link\" href=\"https:\/\/www.krafthand.de\/truck\/artikel\/heinz-georg-ebert-ist-neuer-leiter-vertrieb-osteuropa-2035\/\" >weiter<\/a><\/p>\n","protected":false},"author":3,"featured_media":2036,"comment_status":"closed","ping_status":"closed","sticky":false,"template":"","format":"standard","meta":{"footnotes":""},"categories":[5],"tags":[692,1189,202,1192,1190,1196,1194,1195,1198,1193,1191,1197],"settings":[],"class_list":["post-2035","post","type-post","status-publish","format-standard","has-post-thumbnail","hentry","category-branche","tag-europa","tag-heinz-georg-ebert","tag-koegel","tag-kundenbetreuung","tag-leiter-vertrieb-osteuropa","tag-leiter-vertrieb-suedosteuropa","tag-leiter-vertrieb-westeuropa","tag-massimo-dodoni","tag-osteuropa","tag-paul-de-jong","tag-umstrukturierung","tag-vertriebsstruktur"],"yoast_head":"<!-- This site is optimized with the Yoast SEO plugin v27.3 - https:\/\/yoast.com\/product\/yoast-seo-wordpress\/ -->\n<title>Heinz-Georg Ebert ist neuer Leiter Vertrieb Osteuropa - Krafthand-Truck<\/title>\n<meta name=\"robots\" content=\"index, follow, max-snippet:-1, max-image-preview:large, max-video-preview:-1\" \/>\n<link rel=\"canonical\" href=\"https:\/\/www.krafthand.de\/truck\/artikel\/heinz-georg-ebert-ist-neuer-leiter-vertrieb-osteuropa-2035\/\" \/>\n<meta property=\"og:locale\" content=\"de_DE\" \/>\n<meta property=\"og:type\" content=\"article\" \/>\n<meta property=\"og:title\" content=\"Heinz-Georg Ebert ist neuer Leiter Vertrieb Osteuropa - Krafthand-Truck\" \/>\n<meta property=\"og:description\" content=\"Mit der Berufung von Heinz-Georg Ebert zum neuen Leiter Vertrieb Osteuropa schlie\u00dft K\u00f6gel seine Umstrukturierung f\u00fcr die Kundenbetreuung in Europa ab. Neben Paul de Jong, Leiter Vertrieb Westeuropa, und Massimo Dodoni, Leiter Vertrieb S\u00fcdosteuropa, ist Heinz-Georg Ebert in seiner neuen Position f\u00fcr die Vertriebsstruktur in Osteuropa zust\u00e4ndig. ... weiter\" \/>\n<meta property=\"og:url\" content=\"https:\/\/www.krafthand-truck.de\/artikel\/heinz-georg-ebert-ist-neuer-leiter-vertrieb-osteuropa-2035\/\" \/>\n<meta property=\"og:site_name\" content=\"Krafthand-Truck\" \/>\n<meta property=\"article:published_time\" content=\"2014-06-16T05:44:57+00:00\" \/>\n<meta property=\"article:modified_time\" content=\"2018-01-29T12:09:40+00:00\" \/>\n<meta property=\"og:image\" content=\"https:\/\/www.krafthand.de\/truck\/wp-content\/uploads\/2014\/06\/Koegel__Heinz_Georg_Ebert_-1.jpg\" \/>\n\t<meta property=\"og:image:width\" content=\"700\" \/>\n\t<meta property=\"og:image:height\" content=\"913\" \/>\n\t<meta property=\"og:image:type\" content=\"image\/jpeg\" \/>\n<meta name=\"author\" content=\"katja.heid@krafthand.de\" \/>\n<meta name=\"twitter:card\" content=\"summary_large_image\" \/>\n<meta name=\"twitter:label1\" content=\"Verfasst von\" \/>\n\t<meta name=\"twitter:data1\" content=\"katja.heid@krafthand.de\" \/>\n\t<meta name=\"twitter:label2\" content=\"Gesch\u00e4tzte Lesezeit\" \/>\n\t<meta name=\"twitter:data2\" content=\"1\u00a0Minute\" \/>\n<script type=\"application\/ld+json\" class=\"yoast-schema-graph\">{\"@context\":\"https:\\\/\\\/schema.org\",\"@graph\":[{\"@type\":\"Article\",\"@id\":\"https:\\\/\\\/www.krafthand.de\\\/truck\\\/artikel\\\/heinz-georg-ebert-ist-neuer-leiter-vertrieb-osteuropa-2035\\\/#article\",\"isPartOf\":{\"@id\":\"https:\\\/\\\/www.krafthand.de\\\/truck\\\/artikel\\\/heinz-georg-ebert-ist-neuer-leiter-vertrieb-osteuropa-2035\\\/\"},\"author\":{\"name\":\"katja.heid@krafthand.de\",\"@id\":\"https:\\\/\\\/www.krafthand.de\\\/truck\\\/#\\\/schema\\\/person\\\/8e290c6d425b72d176adc7767a251001\"},\"headline\":\"Heinz-Georg Ebert ist neuer Leiter Vertrieb Osteuropa\",\"datePublished\":\"2014-06-16T05:44:57+00:00\",\"dateModified\":\"2018-01-29T12:09:40+00:00\",\"mainEntityOfPage\":{\"@id\":\"https:\\\/\\\/www.krafthand.de\\\/truck\\\/artikel\\\/heinz-georg-ebert-ist-neuer-leiter-vertrieb-osteuropa-2035\\\/\"},\"wordCount\":182,\"image\":{\"@id\":\"https:\\\/\\\/www.krafthand.de\\\/truck\\\/artikel\\\/heinz-georg-ebert-ist-neuer-leiter-vertrieb-osteuropa-2035\\\/#primaryimage\"},\"thumbnailUrl\":\"https:\\\/\\\/static.krafthand-truck.de\\\/uploads\\\/2014\\\/06\\\/Koegel__Heinz_Georg_Ebert_-1.jpg\",\"keywords\":[\"Europa\",\"Heinz-Georg Ebert\",\"K\u00f6gel\",\"Kundenbetreuung\",\"Leiter Vertrieb Osteuropa\",\"Leiter Vertrieb S\u00fcdosteuropa\",\"Leiter Vertrieb Westeuropa\",\"Massimo Dodoni\",\"Osteuropa\",\"Paul de Jong\",\"Umstrukturierung\",\"Vertriebsstruktur\"],\"articleSection\":[\"Nfz-Branche\"],\"inLanguage\":\"de\"},{\"@type\":\"WebPage\",\"@id\":\"https:\\\/\\\/www.krafthand.de\\\/truck\\\/artikel\\\/heinz-georg-ebert-ist-neuer-leiter-vertrieb-osteuropa-2035\\\/\",\"url\":\"https:\\\/\\\/www.krafthand.de\\\/truck\\\/artikel\\\/heinz-georg-ebert-ist-neuer-leiter-vertrieb-osteuropa-2035\\\/\",\"name\":\"Heinz-Georg Ebert ist neuer Leiter Vertrieb Osteuropa - Krafthand-Truck\",\"isPartOf\":{\"@id\":\"https:\\\/\\\/www.krafthand.de\\\/truck\\\/#website\"},\"primaryImageOfPage\":{\"@id\":\"https:\\\/\\\/www.krafthand.de\\\/truck\\\/artikel\\\/heinz-georg-ebert-ist-neuer-leiter-vertrieb-osteuropa-2035\\\/#primaryimage\"},\"image\":{\"@id\":\"https:\\\/\\\/www.krafthand.de\\\/truck\\\/artikel\\\/heinz-georg-ebert-ist-neuer-leiter-vertrieb-osteuropa-2035\\\/#primaryimage\"},\"thumbnailUrl\":\"https:\\\/\\\/static.krafthand-truck.de\\\/uploads\\\/2014\\\/06\\\/Koegel__Heinz_Georg_Ebert_-1.jpg\",\"datePublished\":\"2014-06-16T05:44:57+00:00\",\"dateModified\":\"2018-01-29T12:09:40+00:00\",\"author\":{\"@id\":\"https:\\\/\\\/www.krafthand.de\\\/truck\\\/#\\\/schema\\\/person\\\/8e290c6d425b72d176adc7767a251001\"},\"breadcrumb\":{\"@id\":\"https:\\\/\\\/www.krafthand.de\\\/truck\\\/artikel\\\/heinz-georg-ebert-ist-neuer-leiter-vertrieb-osteuropa-2035\\\/#breadcrumb\"},\"inLanguage\":\"de\",\"potentialAction\":[{\"@type\":\"ReadAction\",\"target\":[\"https:\\\/\\\/www.krafthand.de\\\/truck\\\/artikel\\\/heinz-georg-ebert-ist-neuer-leiter-vertrieb-osteuropa-2035\\\/\"]}]},{\"@type\":\"ImageObject\",\"inLanguage\":\"de\",\"@id\":\"https:\\\/\\\/www.krafthand.de\\\/truck\\\/artikel\\\/heinz-georg-ebert-ist-neuer-leiter-vertrieb-osteuropa-2035\\\/#primaryimage\",\"url\":\"https:\\\/\\\/static.krafthand-truck.de\\\/uploads\\\/2014\\\/06\\\/Koegel__Heinz_Georg_Ebert_-1.jpg\",\"contentUrl\":\"https:\\\/\\\/static.krafthand-truck.de\\\/uploads\\\/2014\\\/06\\\/Koegel__Heinz_Georg_Ebert_-1.jpg\",\"width\":700,\"height\":913,\"caption\":\"Heinz-Georg Ebert, Leiter Vertrieb Osteuropa bei K\u00f6gel\"},{\"@type\":\"BreadcrumbList\",\"@id\":\"https:\\\/\\\/www.krafthand.de\\\/truck\\\/artikel\\\/heinz-georg-ebert-ist-neuer-leiter-vertrieb-osteuropa-2035\\\/#breadcrumb\",\"itemListElement\":[{\"@type\":\"ListItem\",\"position\":1,\"name\":\"Krafthand-Truck\",\"item\":\"https:\\\/\\\/www.krafthand.de\\\/truck\\\/\"},{\"@type\":\"ListItem\",\"position\":2,\"name\":\"Nfz-Branche\",\"item\":\"https:\\\/\\\/www.krafthand.de\\\/truck\\\/kategorie\\\/branche\\\/\"},{\"@type\":\"ListItem\",\"position\":3,\"name\":\"Heinz-Georg Ebert ist neuer Leiter Vertrieb Osteuropa\"}]},{\"@type\":\"WebSite\",\"@id\":\"https:\\\/\\\/www.krafthand.de\\\/truck\\\/#website\",\"url\":\"https:\\\/\\\/www.krafthand.de\\\/truck\\\/\",\"name\":\"Krafthand-Truck\",\"description\":\"\",\"potentialAction\":[{\"@type\":\"SearchAction\",\"target\":{\"@type\":\"EntryPoint\",\"urlTemplate\":\"https:\\\/\\\/www.krafthand.de\\\/truck\\\/?s={search_term_string}\"},\"query-input\":{\"@type\":\"PropertyValueSpecification\",\"valueRequired\":true,\"valueName\":\"search_term_string\"}}],\"inLanguage\":\"de\"},{\"@type\":\"Person\",\"@id\":\"https:\\\/\\\/www.krafthand.de\\\/truck\\\/#\\\/schema\\\/person\\\/8e290c6d425b72d176adc7767a251001\",\"name\":\"katja.heid@krafthand.de\",\"image\":{\"@type\":\"ImageObject\",\"inLanguage\":\"de\",\"@id\":\"https:\\\/\\\/secure.gravatar.com\\\/avatar\\\/9a2930c54ede0e0a76c0f8abfb74704de273084f2aa0e3c6deb2c86704c7402b?s=96&d=mm&r=g\",\"url\":\"https:\\\/\\\/secure.gravatar.com\\\/avatar\\\/9a2930c54ede0e0a76c0f8abfb74704de273084f2aa0e3c6deb2c86704c7402b?s=96&d=mm&r=g\",\"contentUrl\":\"https:\\\/\\\/secure.gravatar.com\\\/avatar\\\/9a2930c54ede0e0a76c0f8abfb74704de273084f2aa0e3c6deb2c86704c7402b?s=96&d=mm&r=g\",\"caption\":\"katja.heid@krafthand.de\"}}]}<\/script>\n<!-- \/ Yoast SEO plugin. -->","yoast_head_json":{"title":"Heinz-Georg Ebert ist neuer Leiter Vertrieb Osteuropa - Krafthand-Truck","robots":{"index":"index","follow":"follow","max-snippet":"max-snippet:-1","max-image-preview":"max-image-preview:large","max-video-preview":"max-video-preview:-1"},"canonical":"https:\/\/www.krafthand.de\/truck\/artikel\/heinz-georg-ebert-ist-neuer-leiter-vertrieb-osteuropa-2035\/","og_locale":"de_DE","og_type":"article","og_title":"Heinz-Georg Ebert ist neuer Leiter Vertrieb Osteuropa - Krafthand-Truck","og_description":"Mit der Berufung von Heinz-Georg Ebert zum neuen Leiter Vertrieb Osteuropa schlie\u00dft K\u00f6gel seine Umstrukturierung f\u00fcr die Kundenbetreuung in Europa ab. Neben Paul de Jong, Leiter Vertrieb Westeuropa, und Massimo Dodoni, Leiter Vertrieb S\u00fcdosteuropa, ist Heinz-Georg Ebert in seiner neuen Position f\u00fcr die Vertriebsstruktur in Osteuropa zust\u00e4ndig. ... weiter","og_url":"https:\/\/www.krafthand-truck.de\/artikel\/heinz-georg-ebert-ist-neuer-leiter-vertrieb-osteuropa-2035\/","og_site_name":"Krafthand-Truck","article_published_time":"2014-06-16T05:44:57+00:00","article_modified_time":"2018-01-29T12:09:40+00:00","og_image":[{"width":700,"height":913,"url":"https:\/\/www.krafthand.de\/truck\/wp-content\/uploads\/2014\/06\/Koegel__Heinz_Georg_Ebert_-1.jpg","type":"image\/jpeg"}],"author":"katja.heid@krafthand.de","twitter_card":"summary_large_image","twitter_misc":{"Verfasst von":"katja.heid@krafthand.de","Gesch\u00e4tzte Lesezeit":"1\u00a0Minute"},"schema":{"@context":"https:\/\/schema.org","@graph":[{"@type":"Article","@id":"https:\/\/www.krafthand.de\/truck\/artikel\/heinz-georg-ebert-ist-neuer-leiter-vertrieb-osteuropa-2035\/#article","isPartOf":{"@id":"https:\/\/www.krafthand.de\/truck\/artikel\/heinz-georg-ebert-ist-neuer-leiter-vertrieb-osteuropa-2035\/"},"author":{"name":"katja.heid@krafthand.de","@id":"https:\/\/www.krafthand.de\/truck\/#\/schema\/person\/8e290c6d425b72d176adc7767a251001"},"headline":"Heinz-Georg Ebert ist neuer Leiter Vertrieb Osteuropa","datePublished":"2014-06-16T05:44:57+00:00","dateModified":"2018-01-29T12:09:40+00:00","mainEntityOfPage":{"@id":"https:\/\/www.krafthand.de\/truck\/artikel\/heinz-georg-ebert-ist-neuer-leiter-vertrieb-osteuropa-2035\/"},"wordCount":182,"image":{"@id":"https:\/\/www.krafthand.de\/truck\/artikel\/heinz-georg-ebert-ist-neuer-leiter-vertrieb-osteuropa-2035\/#primaryimage"},"thumbnailUrl":"https:\/\/static.krafthand-truck.de\/uploads\/2014\/06\/Koegel__Heinz_Georg_Ebert_-1.jpg","keywords":["Europa","Heinz-Georg Ebert","K\u00f6gel","Kundenbetreuung","Leiter Vertrieb Osteuropa","Leiter Vertrieb S\u00fcdosteuropa","Leiter Vertrieb Westeuropa","Massimo Dodoni","Osteuropa","Paul de Jong","Umstrukturierung","Vertriebsstruktur"],"articleSection":["Nfz-Branche"],"inLanguage":"de"},{"@type":"WebPage","@id":"https:\/\/www.krafthand.de\/truck\/artikel\/heinz-georg-ebert-ist-neuer-leiter-vertrieb-osteuropa-2035\/","url":"https:\/\/www.krafthand.de\/truck\/artikel\/heinz-georg-ebert-ist-neuer-leiter-vertrieb-osteuropa-2035\/","name":"Heinz-Georg Ebert ist neuer Leiter Vertrieb Osteuropa - Krafthand-Truck","isPartOf":{"@id":"https:\/\/www.krafthand.de\/truck\/#website"},"primaryImageOfPage":{"@id":"https:\/\/www.krafthand.de\/truck\/artikel\/heinz-georg-ebert-ist-neuer-leiter-vertrieb-osteuropa-2035\/#primaryimage"},"image":{"@id":"https:\/\/www.krafthand.de\/truck\/artikel\/heinz-georg-ebert-ist-neuer-leiter-vertrieb-osteuropa-2035\/#primaryimage"},"thumbnailUrl":"https:\/\/static.krafthand-truck.de\/uploads\/2014\/06\/Koegel__Heinz_Georg_Ebert_-1.jpg","datePublished":"2014-06-16T05:44:57+00:00","dateModified":"2018-01-29T12:09:40+00:00","author":{"@id":"https:\/\/www.krafthand.de\/truck\/#\/schema\/person\/8e290c6d425b72d176adc7767a251001"},"breadcrumb":{"@id":"https:\/\/www.krafthand.de\/truck\/artikel\/heinz-georg-ebert-ist-neuer-leiter-vertrieb-osteuropa-2035\/#breadcrumb"},"inLanguage":"de","potentialAction":[{"@type":"ReadAction","target":["https:\/\/www.krafthand.de\/truck\/artikel\/heinz-georg-ebert-ist-neuer-leiter-vertrieb-osteuropa-2035\/"]}]},{"@type":"ImageObject","inLanguage":"de","@id":"https:\/\/www.krafthand.de\/truck\/artikel\/heinz-georg-ebert-ist-neuer-leiter-vertrieb-osteuropa-2035\/#primaryimage","url":"https:\/\/static.krafthand-truck.de\/uploads\/2014\/06\/Koegel__Heinz_Georg_Ebert_-1.jpg","contentUrl":"https:\/\/static.krafthand-truck.de\/uploads\/2014\/06\/Koegel__Heinz_Georg_Ebert_-1.jpg","width":700,"height":913,"caption":"Heinz-Georg Ebert, Leiter Vertrieb Osteuropa bei K\u00f6gel"},{"@type":"BreadcrumbList","@id":"https:\/\/www.krafthand.de\/truck\/artikel\/heinz-georg-ebert-ist-neuer-leiter-vertrieb-osteuropa-2035\/#breadcrumb","itemListElement":[{"@type":"ListItem","position":1,"name":"Krafthand-Truck","item":"https:\/\/www.krafthand.de\/truck\/"},{"@type":"ListItem","position":2,"name":"Nfz-Branche","item":"https:\/\/www.krafthand.de\/truck\/kategorie\/branche\/"},{"@type":"ListItem","position":3,"name":"Heinz-Georg Ebert ist neuer Leiter Vertrieb Osteuropa"}]},{"@type":"WebSite","@id":"https:\/\/www.krafthand.de\/truck\/#website","url":"https:\/\/www.krafthand.de\/truck\/","name":"Krafthand-Truck","description":"","potentialAction":[{"@type":"SearchAction","target":{"@type":"EntryPoint","urlTemplate":"https:\/\/www.krafthand.de\/truck\/?s={search_term_string}"},"query-input":{"@type":"PropertyValueSpecification","valueRequired":true,"valueName":"search_term_string"}}],"inLanguage":"de"},{"@type":"Person","@id":"https:\/\/www.krafthand.de\/truck\/#\/schema\/person\/8e290c6d425b72d176adc7767a251001","name":"katja.heid@krafthand.de","image":{"@type":"ImageObject","inLanguage":"de","@id":"https:\/\/secure.gravatar.com\/avatar\/9a2930c54ede0e0a76c0f8abfb74704de273084f2aa0e3c6deb2c86704c7402b?s=96&d=mm&r=g","url":"https:\/\/secure.gravatar.com\/avatar\/9a2930c54ede0e0a76c0f8abfb74704de273084f2aa0e3c6deb2c86704c7402b?s=96&d=mm&r=g","contentUrl":"https:\/\/secure.gravatar.com\/avatar\/9a2930c54ede0e0a76c0f8abfb74704de273084f2aa0e3c6deb2c86704c7402b?s=96&d=mm&r=g","caption":"katja.heid@krafthand.de"}}]}},"_links":{"self":[{"href":"https:\/\/www.krafthand.de\/truck\/wp-json\/wp\/v2\/posts\/2035","targetHints":{"allow":["GET"]}}],"collection":[{"href":"https:\/\/www.krafthand.de\/truck\/wp-json\/wp\/v2\/posts"}],"about":[{"href":"https:\/\/www.krafthand.de\/truck\/wp-json\/wp\/v2\/types\/post"}],"author":[{"embeddable":true,"href":"https:\/\/www.krafthand.de\/truck\/wp-json\/wp\/v2\/users\/3"}],"replies":[{"embeddable":true,"href":"https:\/\/www.krafthand.de\/truck\/wp-json\/wp\/v2\/comments?post=2035"}],"version-history":[{"count":1,"href":"https:\/\/www.krafthand.de\/truck\/wp-json\/wp\/v2\/posts\/2035\/revisions"}],"predecessor-version":[{"id":23613,"href":"https:\/\/www.krafthand.de\/truck\/wp-json\/wp\/v2\/posts\/2035\/revisions\/23613"}],"wp:featuredmedia":[{"embeddable":true,"href":"https:\/\/www.krafthand.de\/truck\/wp-json\/wp\/v2\/media\/2036"}],"wp:attachment":[{"href":"https:\/\/www.krafthand.de\/truck\/wp-json\/wp\/v2\/media?parent=2035"}],"wp:term":[{"taxonomy":"category","embeddable":true,"href":"https:\/\/www.krafthand.de\/truck\/wp-json\/wp\/v2\/categories?post=2035"},{"taxonomy":"post_tag","embeddable":true,"href":"https:\/\/www.krafthand.de\/truck\/wp-json\/wp\/v2\/tags?post=2035"},{"taxonomy":"settings","embeddable":true,"href":"https:\/\/www.krafthand.de\/truck\/wp-json\/wp\/v2\/settings?post=2035"}],"curies":[{"name":"wp","href":"https:\/\/api.w.org\/{rel}","templated":true}]}}