{"id":1800,"date":"2013-09-25T14:15:36","date_gmt":"2013-09-25T12:15:36","guid":{"rendered":"https:\/\/www.krafthand.de\/truck\/2013\/09\/25\/nufam-in-karlsruhe-vor-dem-start-300-aussteller-aus-elf-laendern-vor-ort\/"},"modified":"2013-09-25T14:15:36","modified_gmt":"2013-09-25T12:15:36","slug":"nufam-in-karlsruhe-vor-dem-start-300-aussteller-aus-elf-laendern-vor-ort","status":"publish","type":"post","link":"https:\/\/www.krafthand.de\/truck\/artikel\/nufam-in-karlsruhe-vor-dem-start-300-aussteller-aus-elf-laendern-vor-ort-1800\/","title":{"rendered":"NUFAM in Karlsruhe vor dem Start: 300 Aussteller aus elf L\u00e4ndern vor Ort"},"content":{"rendered":"<p class=\"text-colored\">Mit rund 500 neuen Fahrzeugen \u2013 schwere bis leichte Nutzfahrzeuge sowie Aufbauten und Anh\u00e4nger \u2013 zeigt die NUFAM vom 26. bis 29. September 2013 in der Messe Karlsruhe ein umfassendes Leistungsspektrum der Branche, die Antworten auf Fragen nach mehr Effizienz, Nachhaltigkeit und Emissionseinsparungen gibt. \u00dcber 300 Aussteller aus elf L\u00e4ndern pr\u00e4sentieren an den vier Tagen auf rund 50 000 Quadratmetern Fl\u00e4che die neuen Euro-VI-Modelle, Zubeh\u00f6r und Dienstleistungen.<\/p>\n<p>&#8218;Die NUFAM zeigt 2013 ein noch breiteres und vielf\u00e4ltigeres Angebot als vor zwei Jahren. Gerade bei Zubeh\u00f6r und Werkstattausr\u00fcstung konnten wir mehr Unternehmen als Aussteller gewinnen. Uns ist es gelungen, mehr Fahrzeuge, Produkte und Aktionen geballt auf der NUFAM zu pr\u00e4sentieren. Die Besucher k\u00f6nnen so mehr Action pro Quadratmeter erleben&#8216;, erkl\u00e4rt Britta Wirtz, Gesch\u00e4ftsf\u00fchrerin der Karlsruher Messe- und Kongress-GmbH (KMK).<\/p>\n<p>Von 10 bis 18 Uhr und am ersten Messetag bis 20 Uhr k\u00f6nnen sich die Besucher vor Ort informieren. Die St\u00e4rken und besonderen F\u00e4higkeiten der Nutzfahrzeuge zeigen die t\u00e4glichen Vorf\u00fchrungen auf dem Unimog-Parcours und dem Demopark. F\u00fcr das interessierte Publikum hat die KMK zus\u00e4tzlich ein attraktives Rahmenprogramm zusammengestellt.<\/p>\n<p><b>Action, Spa\u00df und Spannung auf dem Demoparcours<br \/><\/b>Rasant und kraftvoll geht es am Wochenende zu: Hier f\u00e4hrt Gerd K\u00f6rber vom Team Schwaben Truck ein Donut Rennen und gibt im Anschluss Autogramme. Der 13-fache Guinness-Weltrekordhalter Franz M\u00fcllner aus \u00d6sterreich zieht mit Muskelkraft einen Bus oder einen Lkw. Und wie eine LKW-Bergungskette abl\u00e4uft, das zeigen Partner der NUFAM auf dem Demopark. Nat\u00fcrlich gibt es f\u00fcr Interessierte auch Mitmachangebote: einen \u00dcberschlagsimulator bei der SVG Nordbaden, eine Lkw-Schnupperfahrstunde auf Anmeldung bei der Fahrschule Veser und den Lkw-Geschicklichkeitsparcours vom Ortenauer Kraftfahrerbund im Freigel\u00e4nde. Am 28. September 2013 k\u00fcrt der Fahrerwettbewerb \u201eBKF Challenge\u201c zum ersten Mal in Karlsruhe den besten Berufskraftfahrer.<\/p>\n<p><b>Truckmodellbaub\u00f6rse und \u2013parcours f\u00fcr die Kleinen unter den Gro\u00dfen<br \/><\/b>Die Truckmodellbaub\u00f6rse im Rahmen der NUFAM zeigt haupts\u00e4chlich im Ma\u00dfstab 1:87 gehaltene Modelle. Von den Nachbauten der gr\u00f6\u00dften europ\u00e4ischen Hersteller \u00fcber die klassischen American Trucks bis hin zu Oldtimern k\u00f6nnen hier Modellbauliebhaber Exemplare finden. Der Truckmodellbauparcours bietet Interessierten die M\u00f6glichkeit, Nutzfahrzeugmodelle ihre Runden drehen lassen. Den Modellbauf\u00fchrerschein k\u00f6nnen Kinder bei der IG Truckmodellbau erwerben. Am Samstag und Sonntag bietet die Karlsruher Messe- und Kongress-GmbH eine kostenfreie Kinderbetreuung auf der NUFAM an.<br \/>\nDie KRAFTHAND-Truck ist offizieller Medienpartner der Nufam 2013 und auf der Messe mit einem Stand vertreten. Schauen Sie doch mal vorbei! Sie finden uns in der <b>dm-arena am Stand C15. <\/b>Weitere Informationen  <a href=\"http:\/\/www.krafthand-truck.de\/termine\/nufam-2013.html\" target=\"_blank\">hier<\/a><b><\/b><\/p>\n","protected":false},"excerpt":{"rendered":"<p>Mit rund 500 neuen Fahrzeugen \u2013 schwere bis leichte Nutzfahrzeuge sowie Aufbauten und Anh\u00e4nger \u2013 zeigt die NUFAM vom 26. bis 29. September 2013 in der Messe Karlsruhe ein umfassendes Leistungsspektrum der Branche, die Antworten auf Fragen nach mehr Effizienz, Nachhaltigkeit und Emissionseinsparungen gibt. \u00dcber 300 Aussteller aus elf L\u00e4ndern pr\u00e4sentieren an den vier Tagen auf rund 50 000 Quadratmetern Fl\u00e4che die neuen Euro-VI-Modelle, Zubeh\u00f6r und Dienstleistungen. <span class=\"excerpt-more__dots\">&#8230;<\/span> <a class=\"excerpt-more__link\" href=\"https:\/\/www.krafthand.de\/truck\/artikel\/nufam-in-karlsruhe-vor-dem-start-300-aussteller-aus-elf-laendern-vor-ort-1800\/\" >weiter<\/a><\/p>\n","protected":false},"author":3,"featured_media":1801,"comment_status":"closed","ping_status":"closed","sticky":false,"template":"","format":"standard","meta":{"footnotes":""},"categories":[5],"tags":[132,452,455,453,56,407,26,454],"settings":[],"class_list":["post-1800","post","type-post","status-publish","format-standard","has-post-thumbnail","hentry","category-branche","tag-anhaenger","tag-aufbauten","tag-dienstleistung","tag-euro-vi-modell","tag-lkw","tag-nufam","tag-nutzfahrzeug","tag-zubehoer"],"yoast_head":"<!-- This site is optimized with the Yoast SEO plugin v27.3 - https:\/\/yoast.com\/product\/yoast-seo-wordpress\/ -->\n<title>NUFAM in Karlsruhe vor dem Start: 300 Aussteller aus elf L\u00e4ndern vor Ort - Krafthand-Truck<\/title>\n<meta name=\"robots\" content=\"index, follow, max-snippet:-1, max-image-preview:large, max-video-preview:-1\" \/>\n<link rel=\"canonical\" href=\"https:\/\/www.krafthand.de\/truck\/artikel\/nufam-in-karlsruhe-vor-dem-start-300-aussteller-aus-elf-laendern-vor-ort-1800\/\" \/>\n<meta property=\"og:locale\" content=\"de_DE\" \/>\n<meta property=\"og:type\" content=\"article\" \/>\n<meta property=\"og:title\" content=\"NUFAM in Karlsruhe vor dem Start: 300 Aussteller aus elf L\u00e4ndern vor Ort - Krafthand-Truck\" \/>\n<meta property=\"og:description\" content=\"Mit rund 500 neuen Fahrzeugen \u2013 schwere bis leichte Nutzfahrzeuge sowie Aufbauten und Anh\u00e4nger \u2013 zeigt die NUFAM vom 26. bis 29. September 2013 in der Messe Karlsruhe ein umfassendes Leistungsspektrum der Branche, die Antworten auf Fragen nach mehr Effizienz, Nachhaltigkeit und Emissionseinsparungen gibt. \u00dcber 300 Aussteller aus elf L\u00e4ndern pr\u00e4sentieren an den vier Tagen auf rund 50 000 Quadratmetern Fl\u00e4che die neuen Euro-VI-Modelle, Zubeh\u00f6r und Dienstleistungen. ... weiter\" \/>\n<meta property=\"og:url\" content=\"https:\/\/www.krafthand-truck.de\/artikel\/nufam-in-karlsruhe-vor-dem-start-300-aussteller-aus-elf-laendern-vor-ort-1800\/\" \/>\n<meta property=\"og:site_name\" content=\"Krafthand-Truck\" \/>\n<meta property=\"article:published_time\" content=\"2013-09-25T12:15:36+00:00\" \/>\n<meta property=\"og:image\" content=\"https:\/\/www.krafthand.de\/truck\/wp-content\/uploads\/2013\/09\/NUFAM_642_Graphic_Lightbox_-1.jpg\" \/>\n\t<meta property=\"og:image:width\" content=\"800\" \/>\n\t<meta property=\"og:image:height\" content=\"578\" \/>\n\t<meta property=\"og:image:type\" content=\"image\/jpeg\" \/>\n<meta name=\"author\" content=\"katja.heid@krafthand.de\" \/>\n<meta name=\"twitter:card\" content=\"summary_large_image\" \/>\n<meta name=\"twitter:label1\" content=\"Verfasst von\" \/>\n\t<meta name=\"twitter:data1\" content=\"katja.heid@krafthand.de\" \/>\n\t<meta name=\"twitter:label2\" content=\"Gesch\u00e4tzte Lesezeit\" \/>\n\t<meta name=\"twitter:data2\" content=\"2\u00a0Minuten\" \/>\n<script type=\"application\/ld+json\" class=\"yoast-schema-graph\">{\"@context\":\"https:\\\/\\\/schema.org\",\"@graph\":[{\"@type\":\"Article\",\"@id\":\"https:\\\/\\\/www.krafthand.de\\\/truck\\\/artikel\\\/nufam-in-karlsruhe-vor-dem-start-300-aussteller-aus-elf-laendern-vor-ort-1800\\\/#article\",\"isPartOf\":{\"@id\":\"https:\\\/\\\/www.krafthand.de\\\/truck\\\/artikel\\\/nufam-in-karlsruhe-vor-dem-start-300-aussteller-aus-elf-laendern-vor-ort-1800\\\/\"},\"author\":{\"name\":\"katja.heid@krafthand.de\",\"@id\":\"https:\\\/\\\/www.krafthand.de\\\/truck\\\/#\\\/schema\\\/person\\\/8e290c6d425b72d176adc7767a251001\"},\"headline\":\"NUFAM in Karlsruhe vor dem Start: 300 Aussteller aus elf L\u00e4ndern vor Ort\",\"datePublished\":\"2013-09-25T12:15:36+00:00\",\"mainEntityOfPage\":{\"@id\":\"https:\\\/\\\/www.krafthand.de\\\/truck\\\/artikel\\\/nufam-in-karlsruhe-vor-dem-start-300-aussteller-aus-elf-laendern-vor-ort-1800\\\/\"},\"wordCount\":431,\"image\":{\"@id\":\"https:\\\/\\\/www.krafthand.de\\\/truck\\\/artikel\\\/nufam-in-karlsruhe-vor-dem-start-300-aussteller-aus-elf-laendern-vor-ort-1800\\\/#primaryimage\"},\"thumbnailUrl\":\"https:\\\/\\\/static.krafthand-truck.de\\\/uploads\\\/2013\\\/09\\\/NUFAM_642_Graphic_Lightbox_-1.jpg\",\"keywords\":[\"Anh\u00e4nger\",\"Aufbauten\",\"Dienstleistung\",\"Euro-VI-Modell\",\"Lkw\",\"Nufam\",\"Nutzfahrzeug\",\"Zubeh\u00f6r\"],\"articleSection\":[\"Nfz-Branche\"],\"inLanguage\":\"de\"},{\"@type\":\"WebPage\",\"@id\":\"https:\\\/\\\/www.krafthand.de\\\/truck\\\/artikel\\\/nufam-in-karlsruhe-vor-dem-start-300-aussteller-aus-elf-laendern-vor-ort-1800\\\/\",\"url\":\"https:\\\/\\\/www.krafthand.de\\\/truck\\\/artikel\\\/nufam-in-karlsruhe-vor-dem-start-300-aussteller-aus-elf-laendern-vor-ort-1800\\\/\",\"name\":\"NUFAM in Karlsruhe vor dem Start: 300 Aussteller aus elf L\u00e4ndern vor Ort - Krafthand-Truck\",\"isPartOf\":{\"@id\":\"https:\\\/\\\/www.krafthand.de\\\/truck\\\/#website\"},\"primaryImageOfPage\":{\"@id\":\"https:\\\/\\\/www.krafthand.de\\\/truck\\\/artikel\\\/nufam-in-karlsruhe-vor-dem-start-300-aussteller-aus-elf-laendern-vor-ort-1800\\\/#primaryimage\"},\"image\":{\"@id\":\"https:\\\/\\\/www.krafthand.de\\\/truck\\\/artikel\\\/nufam-in-karlsruhe-vor-dem-start-300-aussteller-aus-elf-laendern-vor-ort-1800\\\/#primaryimage\"},\"thumbnailUrl\":\"https:\\\/\\\/static.krafthand-truck.de\\\/uploads\\\/2013\\\/09\\\/NUFAM_642_Graphic_Lightbox_-1.jpg\",\"datePublished\":\"2013-09-25T12:15:36+00:00\",\"author\":{\"@id\":\"https:\\\/\\\/www.krafthand.de\\\/truck\\\/#\\\/schema\\\/person\\\/8e290c6d425b72d176adc7767a251001\"},\"breadcrumb\":{\"@id\":\"https:\\\/\\\/www.krafthand.de\\\/truck\\\/artikel\\\/nufam-in-karlsruhe-vor-dem-start-300-aussteller-aus-elf-laendern-vor-ort-1800\\\/#breadcrumb\"},\"inLanguage\":\"de\",\"potentialAction\":[{\"@type\":\"ReadAction\",\"target\":[\"https:\\\/\\\/www.krafthand.de\\\/truck\\\/artikel\\\/nufam-in-karlsruhe-vor-dem-start-300-aussteller-aus-elf-laendern-vor-ort-1800\\\/\"]}]},{\"@type\":\"ImageObject\",\"inLanguage\":\"de\",\"@id\":\"https:\\\/\\\/www.krafthand.de\\\/truck\\\/artikel\\\/nufam-in-karlsruhe-vor-dem-start-300-aussteller-aus-elf-laendern-vor-ort-1800\\\/#primaryimage\",\"url\":\"https:\\\/\\\/static.krafthand-truck.de\\\/uploads\\\/2013\\\/09\\\/NUFAM_642_Graphic_Lightbox_-1.jpg\",\"contentUrl\":\"https:\\\/\\\/static.krafthand-truck.de\\\/uploads\\\/2013\\\/09\\\/NUFAM_642_Graphic_Lightbox_-1.jpg\",\"width\":800,\"height\":578,\"caption\":\"Nufam vom 26. bis 29. September: Pr\u00e4sentiert werden an den vier Tagen auf rund 50 000 Quadratmetern Fl\u00e4che die neuen Euro-VI-Modelle, Zubeh\u00f6r und Dienstleistungen. Foto: Nufam\"},{\"@type\":\"BreadcrumbList\",\"@id\":\"https:\\\/\\\/www.krafthand.de\\\/truck\\\/artikel\\\/nufam-in-karlsruhe-vor-dem-start-300-aussteller-aus-elf-laendern-vor-ort-1800\\\/#breadcrumb\",\"itemListElement\":[{\"@type\":\"ListItem\",\"position\":1,\"name\":\"Krafthand-Truck\",\"item\":\"https:\\\/\\\/www.krafthand.de\\\/truck\\\/\"},{\"@type\":\"ListItem\",\"position\":2,\"name\":\"Nfz-Branche\",\"item\":\"https:\\\/\\\/www.krafthand.de\\\/truck\\\/kategorie\\\/branche\\\/\"},{\"@type\":\"ListItem\",\"position\":3,\"name\":\"NUFAM in Karlsruhe vor dem Start: 300 Aussteller aus elf L\u00e4ndern vor Ort\"}]},{\"@type\":\"WebSite\",\"@id\":\"https:\\\/\\\/www.krafthand.de\\\/truck\\\/#website\",\"url\":\"https:\\\/\\\/www.krafthand.de\\\/truck\\\/\",\"name\":\"Krafthand-Truck\",\"description\":\"\",\"potentialAction\":[{\"@type\":\"SearchAction\",\"target\":{\"@type\":\"EntryPoint\",\"urlTemplate\":\"https:\\\/\\\/www.krafthand.de\\\/truck\\\/?s={search_term_string}\"},\"query-input\":{\"@type\":\"PropertyValueSpecification\",\"valueRequired\":true,\"valueName\":\"search_term_string\"}}],\"inLanguage\":\"de\"},{\"@type\":\"Person\",\"@id\":\"https:\\\/\\\/www.krafthand.de\\\/truck\\\/#\\\/schema\\\/person\\\/8e290c6d425b72d176adc7767a251001\",\"name\":\"katja.heid@krafthand.de\",\"image\":{\"@type\":\"ImageObject\",\"inLanguage\":\"de\",\"@id\":\"https:\\\/\\\/secure.gravatar.com\\\/avatar\\\/9a2930c54ede0e0a76c0f8abfb74704de273084f2aa0e3c6deb2c86704c7402b?s=96&d=mm&r=g\",\"url\":\"https:\\\/\\\/secure.gravatar.com\\\/avatar\\\/9a2930c54ede0e0a76c0f8abfb74704de273084f2aa0e3c6deb2c86704c7402b?s=96&d=mm&r=g\",\"contentUrl\":\"https:\\\/\\\/secure.gravatar.com\\\/avatar\\\/9a2930c54ede0e0a76c0f8abfb74704de273084f2aa0e3c6deb2c86704c7402b?s=96&d=mm&r=g\",\"caption\":\"katja.heid@krafthand.de\"}}]}<\/script>\n<!-- \/ Yoast SEO plugin. -->","yoast_head_json":{"title":"NUFAM in Karlsruhe vor dem Start: 300 Aussteller aus elf L\u00e4ndern vor Ort - Krafthand-Truck","robots":{"index":"index","follow":"follow","max-snippet":"max-snippet:-1","max-image-preview":"max-image-preview:large","max-video-preview":"max-video-preview:-1"},"canonical":"https:\/\/www.krafthand.de\/truck\/artikel\/nufam-in-karlsruhe-vor-dem-start-300-aussteller-aus-elf-laendern-vor-ort-1800\/","og_locale":"de_DE","og_type":"article","og_title":"NUFAM in Karlsruhe vor dem Start: 300 Aussteller aus elf L\u00e4ndern vor Ort - Krafthand-Truck","og_description":"Mit rund 500 neuen Fahrzeugen \u2013 schwere bis leichte Nutzfahrzeuge sowie Aufbauten und Anh\u00e4nger \u2013 zeigt die NUFAM vom 26. bis 29. September 2013 in der Messe Karlsruhe ein umfassendes Leistungsspektrum der Branche, die Antworten auf Fragen nach mehr Effizienz, Nachhaltigkeit und Emissionseinsparungen gibt. \u00dcber 300 Aussteller aus elf L\u00e4ndern pr\u00e4sentieren an den vier Tagen auf rund 50 000 Quadratmetern Fl\u00e4che die neuen Euro-VI-Modelle, Zubeh\u00f6r und Dienstleistungen. ... weiter","og_url":"https:\/\/www.krafthand-truck.de\/artikel\/nufam-in-karlsruhe-vor-dem-start-300-aussteller-aus-elf-laendern-vor-ort-1800\/","og_site_name":"Krafthand-Truck","article_published_time":"2013-09-25T12:15:36+00:00","og_image":[{"width":800,"height":578,"url":"https:\/\/www.krafthand.de\/truck\/wp-content\/uploads\/2013\/09\/NUFAM_642_Graphic_Lightbox_-1.jpg","type":"image\/jpeg"}],"author":"katja.heid@krafthand.de","twitter_card":"summary_large_image","twitter_misc":{"Verfasst von":"katja.heid@krafthand.de","Gesch\u00e4tzte Lesezeit":"2\u00a0Minuten"},"schema":{"@context":"https:\/\/schema.org","@graph":[{"@type":"Article","@id":"https:\/\/www.krafthand.de\/truck\/artikel\/nufam-in-karlsruhe-vor-dem-start-300-aussteller-aus-elf-laendern-vor-ort-1800\/#article","isPartOf":{"@id":"https:\/\/www.krafthand.de\/truck\/artikel\/nufam-in-karlsruhe-vor-dem-start-300-aussteller-aus-elf-laendern-vor-ort-1800\/"},"author":{"name":"katja.heid@krafthand.de","@id":"https:\/\/www.krafthand.de\/truck\/#\/schema\/person\/8e290c6d425b72d176adc7767a251001"},"headline":"NUFAM in Karlsruhe vor dem Start: 300 Aussteller aus elf L\u00e4ndern vor Ort","datePublished":"2013-09-25T12:15:36+00:00","mainEntityOfPage":{"@id":"https:\/\/www.krafthand.de\/truck\/artikel\/nufam-in-karlsruhe-vor-dem-start-300-aussteller-aus-elf-laendern-vor-ort-1800\/"},"wordCount":431,"image":{"@id":"https:\/\/www.krafthand.de\/truck\/artikel\/nufam-in-karlsruhe-vor-dem-start-300-aussteller-aus-elf-laendern-vor-ort-1800\/#primaryimage"},"thumbnailUrl":"https:\/\/static.krafthand-truck.de\/uploads\/2013\/09\/NUFAM_642_Graphic_Lightbox_-1.jpg","keywords":["Anh\u00e4nger","Aufbauten","Dienstleistung","Euro-VI-Modell","Lkw","Nufam","Nutzfahrzeug","Zubeh\u00f6r"],"articleSection":["Nfz-Branche"],"inLanguage":"de"},{"@type":"WebPage","@id":"https:\/\/www.krafthand.de\/truck\/artikel\/nufam-in-karlsruhe-vor-dem-start-300-aussteller-aus-elf-laendern-vor-ort-1800\/","url":"https:\/\/www.krafthand.de\/truck\/artikel\/nufam-in-karlsruhe-vor-dem-start-300-aussteller-aus-elf-laendern-vor-ort-1800\/","name":"NUFAM in Karlsruhe vor dem Start: 300 Aussteller aus elf L\u00e4ndern vor Ort - Krafthand-Truck","isPartOf":{"@id":"https:\/\/www.krafthand.de\/truck\/#website"},"primaryImageOfPage":{"@id":"https:\/\/www.krafthand.de\/truck\/artikel\/nufam-in-karlsruhe-vor-dem-start-300-aussteller-aus-elf-laendern-vor-ort-1800\/#primaryimage"},"image":{"@id":"https:\/\/www.krafthand.de\/truck\/artikel\/nufam-in-karlsruhe-vor-dem-start-300-aussteller-aus-elf-laendern-vor-ort-1800\/#primaryimage"},"thumbnailUrl":"https:\/\/static.krafthand-truck.de\/uploads\/2013\/09\/NUFAM_642_Graphic_Lightbox_-1.jpg","datePublished":"2013-09-25T12:15:36+00:00","author":{"@id":"https:\/\/www.krafthand.de\/truck\/#\/schema\/person\/8e290c6d425b72d176adc7767a251001"},"breadcrumb":{"@id":"https:\/\/www.krafthand.de\/truck\/artikel\/nufam-in-karlsruhe-vor-dem-start-300-aussteller-aus-elf-laendern-vor-ort-1800\/#breadcrumb"},"inLanguage":"de","potentialAction":[{"@type":"ReadAction","target":["https:\/\/www.krafthand.de\/truck\/artikel\/nufam-in-karlsruhe-vor-dem-start-300-aussteller-aus-elf-laendern-vor-ort-1800\/"]}]},{"@type":"ImageObject","inLanguage":"de","@id":"https:\/\/www.krafthand.de\/truck\/artikel\/nufam-in-karlsruhe-vor-dem-start-300-aussteller-aus-elf-laendern-vor-ort-1800\/#primaryimage","url":"https:\/\/static.krafthand-truck.de\/uploads\/2013\/09\/NUFAM_642_Graphic_Lightbox_-1.jpg","contentUrl":"https:\/\/static.krafthand-truck.de\/uploads\/2013\/09\/NUFAM_642_Graphic_Lightbox_-1.jpg","width":800,"height":578,"caption":"Nufam vom 26. bis 29. September: Pr\u00e4sentiert werden an den vier Tagen auf rund 50 000 Quadratmetern Fl\u00e4che die neuen Euro-VI-Modelle, Zubeh\u00f6r und Dienstleistungen. Foto: Nufam"},{"@type":"BreadcrumbList","@id":"https:\/\/www.krafthand.de\/truck\/artikel\/nufam-in-karlsruhe-vor-dem-start-300-aussteller-aus-elf-laendern-vor-ort-1800\/#breadcrumb","itemListElement":[{"@type":"ListItem","position":1,"name":"Krafthand-Truck","item":"https:\/\/www.krafthand.de\/truck\/"},{"@type":"ListItem","position":2,"name":"Nfz-Branche","item":"https:\/\/www.krafthand.de\/truck\/kategorie\/branche\/"},{"@type":"ListItem","position":3,"name":"NUFAM in Karlsruhe vor dem Start: 300 Aussteller aus elf L\u00e4ndern vor Ort"}]},{"@type":"WebSite","@id":"https:\/\/www.krafthand.de\/truck\/#website","url":"https:\/\/www.krafthand.de\/truck\/","name":"Krafthand-Truck","description":"","potentialAction":[{"@type":"SearchAction","target":{"@type":"EntryPoint","urlTemplate":"https:\/\/www.krafthand.de\/truck\/?s={search_term_string}"},"query-input":{"@type":"PropertyValueSpecification","valueRequired":true,"valueName":"search_term_string"}}],"inLanguage":"de"},{"@type":"Person","@id":"https:\/\/www.krafthand.de\/truck\/#\/schema\/person\/8e290c6d425b72d176adc7767a251001","name":"katja.heid@krafthand.de","image":{"@type":"ImageObject","inLanguage":"de","@id":"https:\/\/secure.gravatar.com\/avatar\/9a2930c54ede0e0a76c0f8abfb74704de273084f2aa0e3c6deb2c86704c7402b?s=96&d=mm&r=g","url":"https:\/\/secure.gravatar.com\/avatar\/9a2930c54ede0e0a76c0f8abfb74704de273084f2aa0e3c6deb2c86704c7402b?s=96&d=mm&r=g","contentUrl":"https:\/\/secure.gravatar.com\/avatar\/9a2930c54ede0e0a76c0f8abfb74704de273084f2aa0e3c6deb2c86704c7402b?s=96&d=mm&r=g","caption":"katja.heid@krafthand.de"}}]}},"_links":{"self":[{"href":"https:\/\/www.krafthand.de\/truck\/wp-json\/wp\/v2\/posts\/1800","targetHints":{"allow":["GET"]}}],"collection":[{"href":"https:\/\/www.krafthand.de\/truck\/wp-json\/wp\/v2\/posts"}],"about":[{"href":"https:\/\/www.krafthand.de\/truck\/wp-json\/wp\/v2\/types\/post"}],"author":[{"embeddable":true,"href":"https:\/\/www.krafthand.de\/truck\/wp-json\/wp\/v2\/users\/3"}],"replies":[{"embeddable":true,"href":"https:\/\/www.krafthand.de\/truck\/wp-json\/wp\/v2\/comments?post=1800"}],"version-history":[{"count":0,"href":"https:\/\/www.krafthand.de\/truck\/wp-json\/wp\/v2\/posts\/1800\/revisions"}],"wp:featuredmedia":[{"embeddable":true,"href":"https:\/\/www.krafthand.de\/truck\/wp-json\/wp\/v2\/media\/1801"}],"wp:attachment":[{"href":"https:\/\/www.krafthand.de\/truck\/wp-json\/wp\/v2\/media?parent=1800"}],"wp:term":[{"taxonomy":"category","embeddable":true,"href":"https:\/\/www.krafthand.de\/truck\/wp-json\/wp\/v2\/categories?post=1800"},{"taxonomy":"post_tag","embeddable":true,"href":"https:\/\/www.krafthand.de\/truck\/wp-json\/wp\/v2\/tags?post=1800"},{"taxonomy":"settings","embeddable":true,"href":"https:\/\/www.krafthand.de\/truck\/wp-json\/wp\/v2\/settings?post=1800"}],"curies":[{"name":"wp","href":"https:\/\/api.w.org\/{rel}","templated":true}]}}