{"id":1706,"date":"2013-07-04T13:39:59","date_gmt":"2013-07-04T11:39:59","guid":{"rendered":"https:\/\/www.krafthand.de\/truck\/2013\/07\/04\/aerodynamik-bei-lkw-interview-mit-dr-christian-wiehen-von-wabco\/"},"modified":"2013-07-04T13:39:59","modified_gmt":"2013-07-04T11:39:59","slug":"aerodynamik-bei-lkw-interview-mit-dr-christian-wiehen-von-wabco","status":"publish","type":"post","link":"https:\/\/www.krafthand.de\/truck\/artikel\/aerodynamik-bei-lkw-interview-mit-dr-christian-wiehen-von-wabco-1706\/","title":{"rendered":"Aerodynamik bei Lkw: Interview mit Dr. Christian Wiehen von Wabco"},"content":{"rendered":"<p>Die EU-Kommission will den Weg frei machen f\u00fcr aerodynamische Lkw. Denn im&nbsp;Lkw-Fernverkehr geht ein wesentlicher Teil des Kraftstoffverbrauchs auf den auf den Luftwiderstand zur\u00fcck. Doch wie gro\u00df ist das Einsparungspotential wirklich und welche M\u00f6glichkeiten gibt es? KRAFTHAND-Truck hat sich \u00fcber diese Themen mit Dr. Christian Wiehen unterhalten, dem Chief Technology Officer bei Wabco.<br \/>\n<b>Welche Potentiale bietet die Aerodynamik bei Lkw und anderen Nutzfahrzeugen, um Verbrauch und Emissionen zu senken?<\/b> <\/p>\n<p>Der aerodynamische Luftwiderstand hat einen enormen Effekt auf den Kraftstoffverbrauch von Nutzfahrzeugen. Die Optimierung des Luftstroms um Lkw und Anh\u00e4nger kann den Energieverlust weiter begrenzen und so die Kraftstoffeffizienz verbessern. <\/p>\n<p><b>Was hat Wabco in diesem Bereich anzubieten?<\/b><br \/>\nMit der \u00dcbernahme von Ephicas im Jahr 2012, einem Vorreiter im Feld innovativer aerodynamischer L\u00f6sungen f\u00fcr Nutzfahrzeuge, hat WABCO die Entwicklung eines aerodynamischen Produkt-Portfolios weiter gest\u00e4rkt. Das erste Produkt aus diesem Produkt-Portfolio, das WABCO unter dem Markennamen OptiFlow anbietet, ist eine aerodynamische Seitenverkleidung \u2013 OptiFlow SideWing. Die Aerodynamik des Anh\u00e4ngers wird durch die Seitenverkleidung verbessert, indem diese den Luftstrom am Heck der Zugmaschine einf\u00e4ngt, eine vorw\u00e4rts gerichtete Kraftkomponente entstehen l\u00e4sst und die Str\u00f6mungsverh\u00e4ltnisse am Anh\u00e4nger verbessert. <\/p>\n<p><b>Welche Einsparungen lassen sich dadurch erzielen?<\/b><br \/>\nBei hoher Autobahngeschwindigkeit reduzieren OptiFlow SideWings den Treibstoffverbrauch um ca. 1,5 Liter auf 100 Kilometer, verbessern die CO2-Bilanz und tragen so zu erheblichen Kosteneinsparungen \u00fcber die Gesamtlebensdauer des Fahrzeugs bei.<br \/>&nbsp;<br \/><b>Welche Potentiale bieten Fahrzeugassistenzsysteme bei Lkw und anderen Nutzfahrzeugen, um die Fahrsicherheit zu erh\u00f6hen?<\/b><\/p>\n<p>Moderne Fahrerassistenzsysteme k\u00f6nnen die Sicherheit von Nutzfahrzeugen erheblich steigern.<br \/>\n<b>K\u00f6nnen Sie daf\u00fcr konkrete Beispiele nennen?<\/b><b><br \/><\/b><br \/>\nEin Beispiel f\u00fcr ein solches fortschrittliches Fahrerassistenzsysteme (ADAS \u2013 Advanced Driver Assistance Systems) sind Kollisionswarnsysteme (CWS \u2013 Collision Warning System) und die adaptive Abstands- und Geschwindigkeitsregelung ACC (Adaptive Cruise Control). Beide Systeme helfen dabei, den Abstand zum vorausfahrenden Fahrzeug zu regeln und warnen den Fahrer vor drohender Kollision, falls erforderlich.<\/p>\n<p>Eine Weiterentwicklung sind Kollisionsfolgenminderungssysteme (CMS \u2013 Collision Mitigation System) wie WABCO\u2019s OnGUARD. Im Falle einer m\u00f6glichen Kollision warnen sie den Fahrer nicht nur, sondern k\u00f6nnen auch selbstst\u00e4ndig eine Bremsung ausl\u00f6sen, um die Folgen des Aufpralls zu mindern.<b><br \/><\/b><br \/>\n<b>K\u00f6nnen Sie den OnGUARD noch etwas n\u00e4her beschreiben?<\/b><br \/>\nOnGuardPLUS von WABCO ist ein Notbremsassistenzsystem (AEBS \u2013 Advanced Emergency Braking System) und zugleich eine technologische Weiterentwicklung des Kollisionsfolgenminderungssystems OnGuard. Das System integriert die neuesten EBS- (EBS \u2013 Electronic Braking System) und ABS-Technologien (ABS \u2013 Anti-lock Braking System).<br \/>\n<b>Was unterscheidet den OnGUARD von anderen Systemen?<\/b><br \/>\nAnders als vorherige Systeme reagiert es auch auf vorausfahrende Fahrzeuge, die zum Stillstand abbremsen. Die Kollisionsfolgenminderungsfunktion von OnGuardPlus reagiert au\u00dferdem auf stehende Fahrzeuge, beispielsweise an Stauenden. <\/p>\n<p><b>Was ist die n\u00e4chste Entwicklungsstufe?<\/b><br \/>\nAuf der IAA 2012 hat WABCO zudem einen hochentwickelten Spurverlassenswarner (Lane Departure Warning System &#8211; LDWS) f\u00fcr Lastkraftwagen und Busse vorgestellt. OnLane ist f\u00fcr WABCO der n\u00e4chste Meilenstein in der Entwicklung fortschrittlicher Fahrerassistenzsysteme. Das System erh\u00f6ht die Fahrzeugsicherheit, indem es den Fahrer optisch und akustisch oder wahlweise auch durch Vibration im Fahrersitz warnt, sobald das Fahrzeug unbeabsichtigt von der Fahrbahn abkommt \u2013 eine der h\u00e4ufigsten Unfallursachen bei Nutzfahrzeugen. Eine Kamera, die oben oder unten an der Windschutzscheibe angebracht ist, \u00fcberwacht die Fahrbahn vor und die Bereiche neben der Spur des Fahrzeugs. Das System erkennt das unbeabsichtigte Verlassen der Fahrbahn, wenn das Fahrzeug die Fahrbahnmarkierung ohne Blinksignal \u00fcberquert.<br \/>\n<b>Herr Dr. Wiehen, wir bedanken uns f\u00fcr das Gespr\u00e4ch.<\/b><br \/>\n<i>Die Fragen stellte Ralf Lanzinger<\/i><\/p>\n","protected":false},"excerpt":{"rendered":"<p>Die EU-Kommission will den Weg frei machen f\u00fcr aerodynamische Lkw. Denn im&nbsp;Lkw-Fernverkehr geht ein wesentlicher Teil des Kraftstoffverbrauchs auf den auf den Luftwiderstand zur\u00fcck. Doch wie gro\u00df ist das Einsparungspotential wirklich und welche M\u00f6glichkeiten gibt es? KRAFTHAND-Truck hat sich \u00fcber diese Themen mit Dr. Christian Wiehen unterhalten, dem Chief Technology Officer bei Wabco. Welche Potentiale <span class=\"excerpt-more__dots\">&#8230;<\/span> <a class=\"excerpt-more__link\" href=\"https:\/\/www.krafthand.de\/truck\/artikel\/aerodynamik-bei-lkw-interview-mit-dr-christian-wiehen-von-wabco-1706\/\" >weiter<\/a><\/p>\n","protected":false},"author":3,"featured_media":1707,"comment_status":"closed","ping_status":"closed","sticky":false,"template":"","format":"standard","meta":{"footnotes":""},"categories":[5],"tags":[117,119,56,118,120],"settings":[],"class_list":["post-1706","post","type-post","status-publish","format-standard","has-post-thumbnail","hentry","category-branche","tag-aerodynamik","tag-dr-christian-wiehen","tag-lkw","tag-nutzfahrzeuge","tag-wabco"],"yoast_head":"<!-- This site is optimized with the Yoast SEO plugin v27.3 - https:\/\/yoast.com\/product\/yoast-seo-wordpress\/ -->\n<title>Aerodynamik bei Lkw: Interview mit Dr. Christian Wiehen von Wabco - Krafthand-Truck<\/title>\n<meta name=\"robots\" content=\"index, follow, max-snippet:-1, max-image-preview:large, max-video-preview:-1\" \/>\n<link rel=\"canonical\" href=\"https:\/\/www.krafthand.de\/truck\/artikel\/aerodynamik-bei-lkw-interview-mit-dr-christian-wiehen-von-wabco-1706\/\" \/>\n<meta property=\"og:locale\" content=\"de_DE\" \/>\n<meta property=\"og:type\" content=\"article\" \/>\n<meta property=\"og:title\" content=\"Aerodynamik bei Lkw: Interview mit Dr. Christian Wiehen von Wabco - Krafthand-Truck\" \/>\n<meta property=\"og:description\" content=\"Die EU-Kommission will den Weg frei machen f\u00fcr aerodynamische Lkw. Denn im&nbsp;Lkw-Fernverkehr geht ein wesentlicher Teil des Kraftstoffverbrauchs auf den auf den Luftwiderstand zur\u00fcck. Doch wie gro\u00df ist das Einsparungspotential wirklich und welche M\u00f6glichkeiten gibt es? KRAFTHAND-Truck hat sich \u00fcber diese Themen mit Dr. Christian Wiehen unterhalten, dem Chief Technology Officer bei Wabco. Welche Potentiale ... weiter\" \/>\n<meta property=\"og:url\" content=\"https:\/\/www.krafthand-truck.de\/artikel\/aerodynamik-bei-lkw-interview-mit-dr-christian-wiehen-von-wabco-1706\/\" \/>\n<meta property=\"og:site_name\" content=\"Krafthand-Truck\" \/>\n<meta property=\"article:published_time\" content=\"2013-07-04T11:39:59+00:00\" \/>\n<meta property=\"og:image\" content=\"https:\/\/www.krafthand.de\/truck\/wp-content\/uploads\/2013\/07\/WABCO_1_-1.jpg\" \/>\n\t<meta property=\"og:image:width\" content=\"800\" \/>\n\t<meta property=\"og:image:height\" content=\"533\" \/>\n\t<meta property=\"og:image:type\" content=\"image\/jpeg\" \/>\n<meta name=\"author\" content=\"katja.heid@krafthand.de\" \/>\n<meta name=\"twitter:card\" content=\"summary_large_image\" \/>\n<meta name=\"twitter:label1\" content=\"Verfasst von\" \/>\n\t<meta name=\"twitter:data1\" content=\"katja.heid@krafthand.de\" \/>\n\t<meta name=\"twitter:label2\" content=\"Gesch\u00e4tzte Lesezeit\" \/>\n\t<meta name=\"twitter:data2\" content=\"3\u00a0Minuten\" \/>\n<script type=\"application\/ld+json\" class=\"yoast-schema-graph\">{\"@context\":\"https:\\\/\\\/schema.org\",\"@graph\":[{\"@type\":\"Article\",\"@id\":\"https:\\\/\\\/www.krafthand.de\\\/truck\\\/artikel\\\/aerodynamik-bei-lkw-interview-mit-dr-christian-wiehen-von-wabco-1706\\\/#article\",\"isPartOf\":{\"@id\":\"https:\\\/\\\/www.krafthand.de\\\/truck\\\/artikel\\\/aerodynamik-bei-lkw-interview-mit-dr-christian-wiehen-von-wabco-1706\\\/\"},\"author\":{\"name\":\"katja.heid@krafthand.de\",\"@id\":\"https:\\\/\\\/www.krafthand.de\\\/truck\\\/#\\\/schema\\\/person\\\/8e290c6d425b72d176adc7767a251001\"},\"headline\":\"Aerodynamik bei Lkw: Interview mit Dr. Christian Wiehen von Wabco\",\"datePublished\":\"2013-07-04T11:39:59+00:00\",\"mainEntityOfPage\":{\"@id\":\"https:\\\/\\\/www.krafthand.de\\\/truck\\\/artikel\\\/aerodynamik-bei-lkw-interview-mit-dr-christian-wiehen-von-wabco-1706\\\/\"},\"wordCount\":576,\"image\":{\"@id\":\"https:\\\/\\\/www.krafthand.de\\\/truck\\\/artikel\\\/aerodynamik-bei-lkw-interview-mit-dr-christian-wiehen-von-wabco-1706\\\/#primaryimage\"},\"thumbnailUrl\":\"https:\\\/\\\/static.krafthand-truck.de\\\/uploads\\\/2013\\\/07\\\/WABCO_1_-1.jpg\",\"keywords\":[\"Aerodynamik\",\"Dr. Christian Wiehen\",\"Lkw\",\"Nutzfahrzeuge\",\"Wabco\"],\"articleSection\":[\"Nfz-Branche\"],\"inLanguage\":\"de\"},{\"@type\":\"WebPage\",\"@id\":\"https:\\\/\\\/www.krafthand.de\\\/truck\\\/artikel\\\/aerodynamik-bei-lkw-interview-mit-dr-christian-wiehen-von-wabco-1706\\\/\",\"url\":\"https:\\\/\\\/www.krafthand.de\\\/truck\\\/artikel\\\/aerodynamik-bei-lkw-interview-mit-dr-christian-wiehen-von-wabco-1706\\\/\",\"name\":\"Aerodynamik bei Lkw: Interview mit Dr. Christian Wiehen von Wabco - Krafthand-Truck\",\"isPartOf\":{\"@id\":\"https:\\\/\\\/www.krafthand.de\\\/truck\\\/#website\"},\"primaryImageOfPage\":{\"@id\":\"https:\\\/\\\/www.krafthand.de\\\/truck\\\/artikel\\\/aerodynamik-bei-lkw-interview-mit-dr-christian-wiehen-von-wabco-1706\\\/#primaryimage\"},\"image\":{\"@id\":\"https:\\\/\\\/www.krafthand.de\\\/truck\\\/artikel\\\/aerodynamik-bei-lkw-interview-mit-dr-christian-wiehen-von-wabco-1706\\\/#primaryimage\"},\"thumbnailUrl\":\"https:\\\/\\\/static.krafthand-truck.de\\\/uploads\\\/2013\\\/07\\\/WABCO_1_-1.jpg\",\"datePublished\":\"2013-07-04T11:39:59+00:00\",\"author\":{\"@id\":\"https:\\\/\\\/www.krafthand.de\\\/truck\\\/#\\\/schema\\\/person\\\/8e290c6d425b72d176adc7767a251001\"},\"breadcrumb\":{\"@id\":\"https:\\\/\\\/www.krafthand.de\\\/truck\\\/artikel\\\/aerodynamik-bei-lkw-interview-mit-dr-christian-wiehen-von-wabco-1706\\\/#breadcrumb\"},\"inLanguage\":\"de\",\"potentialAction\":[{\"@type\":\"ReadAction\",\"target\":[\"https:\\\/\\\/www.krafthand.de\\\/truck\\\/artikel\\\/aerodynamik-bei-lkw-interview-mit-dr-christian-wiehen-von-wabco-1706\\\/\"]}]},{\"@type\":\"ImageObject\",\"inLanguage\":\"de\",\"@id\":\"https:\\\/\\\/www.krafthand.de\\\/truck\\\/artikel\\\/aerodynamik-bei-lkw-interview-mit-dr-christian-wiehen-von-wabco-1706\\\/#primaryimage\",\"url\":\"https:\\\/\\\/static.krafthand-truck.de\\\/uploads\\\/2013\\\/07\\\/WABCO_1_-1.jpg\",\"contentUrl\":\"https:\\\/\\\/static.krafthand-truck.de\\\/uploads\\\/2013\\\/07\\\/WABCO_1_-1.jpg\",\"width\":800,\"height\":533,\"caption\":\"Weniger Gegenwind: OptiFlow SideWings verringern den Luftwiderstand des Anh\u00e4ngers und reduzieren somit den Kraftstoffverbrauch und den CO2-Aussto\u00df des Lkw.\"},{\"@type\":\"BreadcrumbList\",\"@id\":\"https:\\\/\\\/www.krafthand.de\\\/truck\\\/artikel\\\/aerodynamik-bei-lkw-interview-mit-dr-christian-wiehen-von-wabco-1706\\\/#breadcrumb\",\"itemListElement\":[{\"@type\":\"ListItem\",\"position\":1,\"name\":\"Krafthand-Truck\",\"item\":\"https:\\\/\\\/www.krafthand.de\\\/truck\\\/\"},{\"@type\":\"ListItem\",\"position\":2,\"name\":\"Nfz-Branche\",\"item\":\"https:\\\/\\\/www.krafthand.de\\\/truck\\\/kategorie\\\/branche\\\/\"},{\"@type\":\"ListItem\",\"position\":3,\"name\":\"Aerodynamik bei Lkw: Interview mit Dr. Christian Wiehen von Wabco\"}]},{\"@type\":\"WebSite\",\"@id\":\"https:\\\/\\\/www.krafthand.de\\\/truck\\\/#website\",\"url\":\"https:\\\/\\\/www.krafthand.de\\\/truck\\\/\",\"name\":\"Krafthand-Truck\",\"description\":\"\",\"potentialAction\":[{\"@type\":\"SearchAction\",\"target\":{\"@type\":\"EntryPoint\",\"urlTemplate\":\"https:\\\/\\\/www.krafthand.de\\\/truck\\\/?s={search_term_string}\"},\"query-input\":{\"@type\":\"PropertyValueSpecification\",\"valueRequired\":true,\"valueName\":\"search_term_string\"}}],\"inLanguage\":\"de\"},{\"@type\":\"Person\",\"@id\":\"https:\\\/\\\/www.krafthand.de\\\/truck\\\/#\\\/schema\\\/person\\\/8e290c6d425b72d176adc7767a251001\",\"name\":\"katja.heid@krafthand.de\",\"image\":{\"@type\":\"ImageObject\",\"inLanguage\":\"de\",\"@id\":\"https:\\\/\\\/secure.gravatar.com\\\/avatar\\\/9a2930c54ede0e0a76c0f8abfb74704de273084f2aa0e3c6deb2c86704c7402b?s=96&d=mm&r=g\",\"url\":\"https:\\\/\\\/secure.gravatar.com\\\/avatar\\\/9a2930c54ede0e0a76c0f8abfb74704de273084f2aa0e3c6deb2c86704c7402b?s=96&d=mm&r=g\",\"contentUrl\":\"https:\\\/\\\/secure.gravatar.com\\\/avatar\\\/9a2930c54ede0e0a76c0f8abfb74704de273084f2aa0e3c6deb2c86704c7402b?s=96&d=mm&r=g\",\"caption\":\"katja.heid@krafthand.de\"}}]}<\/script>\n<!-- \/ Yoast SEO plugin. -->","yoast_head_json":{"title":"Aerodynamik bei Lkw: Interview mit Dr. Christian Wiehen von Wabco - Krafthand-Truck","robots":{"index":"index","follow":"follow","max-snippet":"max-snippet:-1","max-image-preview":"max-image-preview:large","max-video-preview":"max-video-preview:-1"},"canonical":"https:\/\/www.krafthand.de\/truck\/artikel\/aerodynamik-bei-lkw-interview-mit-dr-christian-wiehen-von-wabco-1706\/","og_locale":"de_DE","og_type":"article","og_title":"Aerodynamik bei Lkw: Interview mit Dr. Christian Wiehen von Wabco - Krafthand-Truck","og_description":"Die EU-Kommission will den Weg frei machen f\u00fcr aerodynamische Lkw. Denn im&nbsp;Lkw-Fernverkehr geht ein wesentlicher Teil des Kraftstoffverbrauchs auf den auf den Luftwiderstand zur\u00fcck. Doch wie gro\u00df ist das Einsparungspotential wirklich und welche M\u00f6glichkeiten gibt es? KRAFTHAND-Truck hat sich \u00fcber diese Themen mit Dr. Christian Wiehen unterhalten, dem Chief Technology Officer bei Wabco. Welche Potentiale ... weiter","og_url":"https:\/\/www.krafthand-truck.de\/artikel\/aerodynamik-bei-lkw-interview-mit-dr-christian-wiehen-von-wabco-1706\/","og_site_name":"Krafthand-Truck","article_published_time":"2013-07-04T11:39:59+00:00","og_image":[{"width":800,"height":533,"url":"https:\/\/www.krafthand.de\/truck\/wp-content\/uploads\/2013\/07\/WABCO_1_-1.jpg","type":"image\/jpeg"}],"author":"katja.heid@krafthand.de","twitter_card":"summary_large_image","twitter_misc":{"Verfasst von":"katja.heid@krafthand.de","Gesch\u00e4tzte Lesezeit":"3\u00a0Minuten"},"schema":{"@context":"https:\/\/schema.org","@graph":[{"@type":"Article","@id":"https:\/\/www.krafthand.de\/truck\/artikel\/aerodynamik-bei-lkw-interview-mit-dr-christian-wiehen-von-wabco-1706\/#article","isPartOf":{"@id":"https:\/\/www.krafthand.de\/truck\/artikel\/aerodynamik-bei-lkw-interview-mit-dr-christian-wiehen-von-wabco-1706\/"},"author":{"name":"katja.heid@krafthand.de","@id":"https:\/\/www.krafthand.de\/truck\/#\/schema\/person\/8e290c6d425b72d176adc7767a251001"},"headline":"Aerodynamik bei Lkw: Interview mit Dr. Christian Wiehen von Wabco","datePublished":"2013-07-04T11:39:59+00:00","mainEntityOfPage":{"@id":"https:\/\/www.krafthand.de\/truck\/artikel\/aerodynamik-bei-lkw-interview-mit-dr-christian-wiehen-von-wabco-1706\/"},"wordCount":576,"image":{"@id":"https:\/\/www.krafthand.de\/truck\/artikel\/aerodynamik-bei-lkw-interview-mit-dr-christian-wiehen-von-wabco-1706\/#primaryimage"},"thumbnailUrl":"https:\/\/static.krafthand-truck.de\/uploads\/2013\/07\/WABCO_1_-1.jpg","keywords":["Aerodynamik","Dr. Christian Wiehen","Lkw","Nutzfahrzeuge","Wabco"],"articleSection":["Nfz-Branche"],"inLanguage":"de"},{"@type":"WebPage","@id":"https:\/\/www.krafthand.de\/truck\/artikel\/aerodynamik-bei-lkw-interview-mit-dr-christian-wiehen-von-wabco-1706\/","url":"https:\/\/www.krafthand.de\/truck\/artikel\/aerodynamik-bei-lkw-interview-mit-dr-christian-wiehen-von-wabco-1706\/","name":"Aerodynamik bei Lkw: Interview mit Dr. Christian Wiehen von Wabco - Krafthand-Truck","isPartOf":{"@id":"https:\/\/www.krafthand.de\/truck\/#website"},"primaryImageOfPage":{"@id":"https:\/\/www.krafthand.de\/truck\/artikel\/aerodynamik-bei-lkw-interview-mit-dr-christian-wiehen-von-wabco-1706\/#primaryimage"},"image":{"@id":"https:\/\/www.krafthand.de\/truck\/artikel\/aerodynamik-bei-lkw-interview-mit-dr-christian-wiehen-von-wabco-1706\/#primaryimage"},"thumbnailUrl":"https:\/\/static.krafthand-truck.de\/uploads\/2013\/07\/WABCO_1_-1.jpg","datePublished":"2013-07-04T11:39:59+00:00","author":{"@id":"https:\/\/www.krafthand.de\/truck\/#\/schema\/person\/8e290c6d425b72d176adc7767a251001"},"breadcrumb":{"@id":"https:\/\/www.krafthand.de\/truck\/artikel\/aerodynamik-bei-lkw-interview-mit-dr-christian-wiehen-von-wabco-1706\/#breadcrumb"},"inLanguage":"de","potentialAction":[{"@type":"ReadAction","target":["https:\/\/www.krafthand.de\/truck\/artikel\/aerodynamik-bei-lkw-interview-mit-dr-christian-wiehen-von-wabco-1706\/"]}]},{"@type":"ImageObject","inLanguage":"de","@id":"https:\/\/www.krafthand.de\/truck\/artikel\/aerodynamik-bei-lkw-interview-mit-dr-christian-wiehen-von-wabco-1706\/#primaryimage","url":"https:\/\/static.krafthand-truck.de\/uploads\/2013\/07\/WABCO_1_-1.jpg","contentUrl":"https:\/\/static.krafthand-truck.de\/uploads\/2013\/07\/WABCO_1_-1.jpg","width":800,"height":533,"caption":"Weniger Gegenwind: OptiFlow SideWings verringern den Luftwiderstand des Anh\u00e4ngers und reduzieren somit den Kraftstoffverbrauch und den CO2-Aussto\u00df des Lkw."},{"@type":"BreadcrumbList","@id":"https:\/\/www.krafthand.de\/truck\/artikel\/aerodynamik-bei-lkw-interview-mit-dr-christian-wiehen-von-wabco-1706\/#breadcrumb","itemListElement":[{"@type":"ListItem","position":1,"name":"Krafthand-Truck","item":"https:\/\/www.krafthand.de\/truck\/"},{"@type":"ListItem","position":2,"name":"Nfz-Branche","item":"https:\/\/www.krafthand.de\/truck\/kategorie\/branche\/"},{"@type":"ListItem","position":3,"name":"Aerodynamik bei Lkw: Interview mit Dr. Christian Wiehen von Wabco"}]},{"@type":"WebSite","@id":"https:\/\/www.krafthand.de\/truck\/#website","url":"https:\/\/www.krafthand.de\/truck\/","name":"Krafthand-Truck","description":"","potentialAction":[{"@type":"SearchAction","target":{"@type":"EntryPoint","urlTemplate":"https:\/\/www.krafthand.de\/truck\/?s={search_term_string}"},"query-input":{"@type":"PropertyValueSpecification","valueRequired":true,"valueName":"search_term_string"}}],"inLanguage":"de"},{"@type":"Person","@id":"https:\/\/www.krafthand.de\/truck\/#\/schema\/person\/8e290c6d425b72d176adc7767a251001","name":"katja.heid@krafthand.de","image":{"@type":"ImageObject","inLanguage":"de","@id":"https:\/\/secure.gravatar.com\/avatar\/9a2930c54ede0e0a76c0f8abfb74704de273084f2aa0e3c6deb2c86704c7402b?s=96&d=mm&r=g","url":"https:\/\/secure.gravatar.com\/avatar\/9a2930c54ede0e0a76c0f8abfb74704de273084f2aa0e3c6deb2c86704c7402b?s=96&d=mm&r=g","contentUrl":"https:\/\/secure.gravatar.com\/avatar\/9a2930c54ede0e0a76c0f8abfb74704de273084f2aa0e3c6deb2c86704c7402b?s=96&d=mm&r=g","caption":"katja.heid@krafthand.de"}}]}},"_links":{"self":[{"href":"https:\/\/www.krafthand.de\/truck\/wp-json\/wp\/v2\/posts\/1706","targetHints":{"allow":["GET"]}}],"collection":[{"href":"https:\/\/www.krafthand.de\/truck\/wp-json\/wp\/v2\/posts"}],"about":[{"href":"https:\/\/www.krafthand.de\/truck\/wp-json\/wp\/v2\/types\/post"}],"author":[{"embeddable":true,"href":"https:\/\/www.krafthand.de\/truck\/wp-json\/wp\/v2\/users\/3"}],"replies":[{"embeddable":true,"href":"https:\/\/www.krafthand.de\/truck\/wp-json\/wp\/v2\/comments?post=1706"}],"version-history":[{"count":0,"href":"https:\/\/www.krafthand.de\/truck\/wp-json\/wp\/v2\/posts\/1706\/revisions"}],"wp:featuredmedia":[{"embeddable":true,"href":"https:\/\/www.krafthand.de\/truck\/wp-json\/wp\/v2\/media\/1707"}],"wp:attachment":[{"href":"https:\/\/www.krafthand.de\/truck\/wp-json\/wp\/v2\/media?parent=1706"}],"wp:term":[{"taxonomy":"category","embeddable":true,"href":"https:\/\/www.krafthand.de\/truck\/wp-json\/wp\/v2\/categories?post=1706"},{"taxonomy":"post_tag","embeddable":true,"href":"https:\/\/www.krafthand.de\/truck\/wp-json\/wp\/v2\/tags?post=1706"},{"taxonomy":"settings","embeddable":true,"href":"https:\/\/www.krafthand.de\/truck\/wp-json\/wp\/v2\/settings?post=1706"}],"curies":[{"name":"wp","href":"https:\/\/api.w.org\/{rel}","templated":true}]}}